{"id":614,"date":"2014-10-03T17:54:00","date_gmt":"2014-10-03T17:54:00","guid":{"rendered":"http:\/\/llibresalrepla.cat\/?p=614"},"modified":"2021-04-05T14:16:47","modified_gmt":"2021-04-05T14:16:47","slug":"la-literatura-en-pantalla-2","status":"publish","type":"post","link":"https:\/\/llibresalrepla.cat\/?p=614","title":{"rendered":"La literatura en pantalla"},"content":{"rendered":"<div style=\"text-align: justify;\">\nEl passat 3 d&#8217;octubre, en el marc de la Casa de la Convalesc\u00e8ncia de l&#8217;Hospital de Sant Pau, es celebr\u00e0 el <a href=\"http:\/\/www.gretel.cat\/node\/420\">Simposi sobre Literatura en pantalla<\/a> que organitz\u00e0 Gretel. Les confer\u00e8ncies, especialment la inaugural per part de Mireia Marnesa i la d&#8217;una professora americana de nom Yunki Yokota, van estar senzillament excel\u00b7lents. I \u00e9s que davant de tanta inseguretat val la pena col\u00b7locar prestatgeries on situar el coneixement del que anomenem llibres digitals.<\/div>\n<div class=\"separator\" style=\"clear: both; text-align: center;\">\n<a href=\"https:\/\/i0.wp.com\/llibresalrepla.cat\/wp-content\/uploads\/2014\/10\/IMAG0316-1024x613.jpg\" imageanchor=\"1\" style=\"clear: left; float: left; margin-bottom: 1em; margin-right: 1em; text-align: justify;\"><img data-recalc-dims=\"1\" loading=\"lazy\" decoding=\"async\" border=\"0\" src=\"https:\/\/i0.wp.com\/llibresalrepla.cat\/wp-content\/uploads\/2014\/10\/IMAG0316.jpg?resize=320%2C191\" height=\"191\" width=\"320\" \/><\/a><\/div>\n<div style=\"text-align: justify;\">\nPer\u00f2 a m\u00e9s la Neus Real i la Cristina Correo van permetre con\u00e8ixer, en poc m\u00e9s d&#8217;una hora, una pinzellada de cap on va tot plegat i virtuts i defectes de l&#8217;anomenada LID (Literatura Infantil Digital). Anem memoritzant aquest concepte perqu\u00e8 en el futur se&#8217;n parlar\u00e0, i molt.&nbsp;<\/div>\n<div style=\"text-align: justify;\">\nSi voleu saber-ne m\u00e9s, podeu tenir una pinzellada en l&#8217;<a href=\"http:\/\/www.clijcat.cat\/\">XI Jornada de Cr\u00edtics de Faristol<\/a> que tindr\u00e0 lloc el proper dia 18 d&#8217;octubre a l&#8217;Arts Santa M\u00f4nica. Est\u00e0 oberta a tothom!<\/div>\n<div style=\"text-align: justify;\">\nPer cert, els organitzadors del Simposi han assegurat que aviat, a la web de <a href=\"http:\/\/www.gretel.cat\/\">Gretel,&nbsp;<\/a>es penjaran totes les confer\u00e8ncies. No us les perdeu, de deb\u00f2, paraula de Repl\u00e0.&nbsp;<\/div>\n","protected":false},"excerpt":{"rendered":"<p>El passat 3 d&#8217;octubre, en el marc de la Casa de la Convalesc\u00e8ncia de l&#8217;Hospital de Sant Pau, es celebr\u00e0 el Simposi sobre Literatura en pantalla que organitz\u00e0 Gretel. Les confer\u00e8ncies, especialment la inaugural per part de Mireia Marnesa i la d&#8217;una professora americana de nom Yunki Yokota, van estar<\/p>\n","protected":false},"author":12,"featured_media":1760,"comment_status":"open","ping_status":"open","sticky":false,"template":"","format":"standard","meta":{"_jetpack_newsletter_access":"","_jetpack_dont_email_post_to_subs":false,"_jetpack_newsletter_tier_id":0,"_jetpack_memberships_contains_paywalled_content":false,"_jetpack_memberships_contains_paid_content":false,"footnotes":"","jetpack_publicize_message":"","jetpack_publicize_feature_enabled":true,"jetpack_social_post_already_shared":true,"jetpack_social_options":{"image_generator_settings":{"template":"highway","default_image_id":0,"font":"","enabled":false},"version":2},"jetpack_post_was_ever_published":false},"categories":[6],"tags":[50],"class_list":["post-614","post","type-post","status-publish","format-standard","has-post-thumbnail","hentry","category-2n-2a","tag-croniques"],"jetpack_publicize_connections":[],"jetpack_featured_media_url":"https:\/\/i0.wp.com\/llibresalrepla.cat\/wp-content\/uploads\/2014\/10\/IMAG0316.jpg?fit=1600%2C958&ssl=1","jetpack_sharing_enabled":true,"jetpack_shortlink":"https:\/\/wp.me\/p983NL-9U","_links":{"self":[{"href":"https:\/\/llibresalrepla.cat\/index.php?rest_route=\/wp\/v2\/posts\/614","targetHints":{"allow":["GET"]}}],"collection":[{"href":"https:\/\/llibresalrepla.cat\/index.php?rest_route=\/wp\/v2\/posts"}],"about":[{"href":"https:\/\/llibresalrepla.cat\/index.php?rest_route=\/wp\/v2\/types\/post"}],"author":[{"embeddable":true,"href":"https:\/\/llibresalrepla.cat\/index.php?rest_route=\/wp\/v2\/users\/12"}],"replies":[{"embeddable":true,"href":"https:\/\/llibresalrepla.cat\/index.php?rest_route=%2Fwp%2Fv2%2Fcomments&post=614"}],"version-history":[{"count":1,"href":"https:\/\/llibresalrepla.cat\/index.php?rest_route=\/wp\/v2\/posts\/614\/revisions"}],"predecessor-version":[{"id":1761,"href":"https:\/\/llibresalrepla.cat\/index.php?rest_route=\/wp\/v2\/posts\/614\/revisions\/1761"}],"wp:featuredmedia":[{"embeddable":true,"href":"https:\/\/llibresalrepla.cat\/index.php?rest_route=\/wp\/v2\/media\/1760"}],"wp:attachment":[{"href":"https:\/\/llibresalrepla.cat\/index.php?rest_route=%2Fwp%2Fv2%2Fmedia&parent=614"}],"wp:term":[{"taxonomy":"category","embeddable":true,"href":"https:\/\/llibresalrepla.cat\/index.php?rest_route=%2Fwp%2Fv2%2Fcategories&post=614"},{"taxonomy":"post_tag","embeddable":true,"href":"https:\/\/llibresalrepla.cat\/index.php?rest_route=%2Fwp%2Fv2%2Ftags&post=614"}],"curies":[{"name":"wp","href":"https:\/\/api.w.org\/{rel}","templated":true}]}}