{"id":613,"date":"2014-10-09T23:24:00","date_gmt":"2014-10-09T23:24:00","guid":{"rendered":"http:\/\/llibresalrepla.cat\/?p=613"},"modified":"2017-08-31T09:29:59","modified_gmt":"2017-08-31T09:29:59","slug":"el-cel-blau-de-landrea-petrlik","status":"publish","type":"post","link":"https:\/\/llibresalrepla.cat\/?p=613","title":{"rendered":"El cel blau de l\u2019Andrea Petrlik Huseinovic"},"content":{"rendered":"<div class=\"separator\" style=\"clear: both; text-align: center;\">\n<a href=\"https:\/\/i0.wp.com\/llibresalrepla.cat\/wp-content\/uploads\/2014\/10\/AndreaPetrlikHuseinoviuc.jpg\" imageanchor=\"1\" style=\"clear: left; float: left; margin-bottom: 1em; margin-right: 1em;\"><img data-recalc-dims=\"1\" loading=\"lazy\" decoding=\"async\" border=\"0\" src=\"https:\/\/i0.wp.com\/llibresalrepla.cat\/wp-content\/uploads\/2014\/10\/AndreaPetrlikHuseinoviuc.jpg?resize=200%2C197\" height=\"197\" width=\"200\" \/><\/a><\/div>\n<div style=\"text-align: justify;\">\nVaig con\u00e8ixer a l\u2019Andrea Petrlik Huseinovic a Saarbr\u00fccken, durant el Sal\u00f3 del llibre d\u2019aquesta petita ciutat alemanya. Andrea estava convidada com a representant del seu pa\u00eds, Cro\u00e0cia, i portava una \u00e0mplia mostra de les seves publicacions i algunes il\u00b7lustracions originals.<\/div>\n<div style=\"text-align: justify;\">\nAquest any podem gaudir del seu treball a la Fira internacional de Frankfurt (Alemanya) on s\u2019ha fer c\u00e0rrec de decorar les parets de l\u2019estand del seu pa\u00eds. <a href=\"http:\/\/www.andreapetrlikhuseinovic.com\/\">Andrea<\/a> \u00e9s una de les il\u00b7lustradores croates m\u00e9s internacionals i comparteix la direcci\u00f3 de l\u2019editorial Kasmir amb el seu marit, el metge i escriptor  Ka\u0161mir Huseinovic.<\/div>\n<div class=\"separator\" style=\"clear: both; text-align: center;\">\n<a href=\"https:\/\/i0.wp.com\/llibresalrepla.cat\/wp-content\/uploads\/2014\/10\/Andrea5.jpg\" imageanchor=\"1\" style=\"clear: right; float: right; margin-bottom: 1em; margin-left: 1em; text-align: justify;\"><img data-recalc-dims=\"1\" loading=\"lazy\" decoding=\"async\" border=\"0\" src=\"https:\/\/i0.wp.com\/llibresalrepla.cat\/wp-content\/uploads\/2014\/10\/Andrea5.jpg?resize=161%2C200\" height=\"200\" width=\"161\" \/><\/a><\/div>\n<div style=\"text-align: justify;\">\n<\/div>\n<div style=\"text-align: justify;\">\nMolts dels seus \u00e0lbums han estat tradu\u00efts i publicats en diversos idiomes (japon\u00e8s, xin\u00e8s, core\u00e0, franc\u00e8s, alemany, itali\u00e0, persa, rus, espanyol i eslov\u00e8) .Aix\u00ed ha obtingut importants premis internacionals, per\u00f2 destaco sobretot el Bib d\u2019Or de la Biennal d\u2019Il\u00b7lustraci\u00f3 de  Bratislava l\u2019any 2003, el certificat d\u2019honor IBBY per les il\u00b7lustracions del llibre Pinotxo de Collodi a Basilea, Su\u00efssa i el gran premi OBI 04 a la Oita Biennal d\u2019il\u00b7lustraci\u00f3 de Jap\u00f3 pel seu llibre Ciconia.<\/div>\n<p><a href=\"https:\/\/i0.wp.com\/llibresalrepla.cat\/wp-content\/uploads\/2014\/10\/house3.jpg\" imageanchor=\"1\" style=\"clear: left; float: left; margin-bottom: 1em; margin-right: 1em; text-align: justify;\"><img data-recalc-dims=\"1\" decoding=\"async\" border=\"0\" src=\"https:\/\/i0.wp.com\/llibresalrepla.cat\/wp-content\/uploads\/2014\/10\/house3.jpg?w=900\" \/><\/a><\/p>\n<div style=\"text-align: justify;\">\nEls originals dels seus llibres il\u00b7lustrats El cel blau i Al\u00edcia al pa\u00eds de les meravelles s&#8217;inclouen en la col\u00b7lecci\u00f3 internacional del Chihiro Art Museum de Jap\u00f3. <\/div>\n<div style=\"text-align: justify;\">\n<\/div>\n<div style=\"text-align: justify;\">\nDes de l\u2019any 2001 em faig c\u00e0rrec d\u2019un estand a la Fira alemanya i presento les novetats de les principals editorials catalanes i de l\u2019estat espanyol. Aix\u00f2 m\u2019ha perm\u00e8s la possibilitat de con\u00e8ixer d\u2019una manera propera a il\u00b7lustradors d\u2019altres pa\u00efsos que fan unes propostes art\u00edstiques molt diferents, i que tenen, sovint, unes perspectives del m\u00f3n editorial for\u00e7a oposades. Recordo ara l\u2019Ivan Gantschev (que, per cert, ens ha deixat aquest 2014); les nits sopant amb Roberto Innocenti, amb l\u2019 Henriette Sauvant, el Julian Press, el Benjamin Lacombe i  l\u2019Andrea Petrlik Huseinovic entre d\u2019altres.<\/div>\n<div style=\"text-align: justify;\">\n<\/div>\n<div style=\"text-align: justify;\">\nDurant aquests anys he ent\u00e8s que hi ha tantes possibilitats de dibuixar com persones i mirades. \u00c9s fa molt dif\u00edcil establir criteris objectius en l\u2019an\u00e0lisi de molts d\u2019aquestes propostes tan diverses i totes interessants. <\/div>\n<div style=\"text-align: justify;\">\nAmb l\u2019Andrea vam parlar dels nostres llibres, del registre gr\u00e0fic segons la formaci\u00f3 rebuda, els records de la infantesa, la mirada pr\u00f2pia i el pa\u00eds d\u2019origen. Est\u00e0 clar que Zagreb i Barcelona s\u00f3n ciutats molt diferents, i els nostres treballs tamb\u00e9 ho s\u00f3n.<\/div>\n<div style=\"text-align: justify;\">\n<\/div>\n<div class=\"separator\" style=\"clear: both; text-align: center;\">\n<a href=\"https:\/\/i0.wp.com\/llibresalrepla.cat\/wp-content\/uploads\/2014\/10\/932c0d0881ea361e84b9b180741f1b26.jpg\" imageanchor=\"1\" style=\"clear: right; float: right; margin-bottom: 1em; margin-left: 1em; text-align: justify;\"><img data-recalc-dims=\"1\" loading=\"lazy\" decoding=\"async\" border=\"0\" src=\"https:\/\/i0.wp.com\/llibresalrepla.cat\/wp-content\/uploads\/2014\/10\/932c0d0881ea361e84b9b180741f1b26.jpg?resize=320%2C224\" height=\"224\" width=\"320\" \/><\/a><\/div>\n<div style=\"text-align: justify;\">\nAl principi, les seves il\u00b7lustracions em van confondre. Crec que haurien provocat aquest mateix sentiment a la majoria d\u2019il\u00b7lustradors o cr\u00edtics del nostre pa\u00eds, tan preocupats per all\u00f2 que anomenem estil i que fa refer\u00e8ncia nom\u00e9s a aspectes formals. Crec que l\u2019Andrea Petrlik dibuixa d\u2019una manera intu\u00eftiva, molt emocional, potser instintiva. En el seu treball recorda la nena que ha estat i no t\u00e9 gaire inter\u00e8s en l\u2019evoluci\u00f3 formal, en la t\u00e8cnica. Els seus personatges tenen una estructura senzilla, gaireb\u00e9 sempre frontals, i amb una gamma de colors molt plana, com trets directament de f\u00e0brica.<\/div>\n<div style=\"text-align: justify;\">\n<\/div>\n<div style=\"text-align: justify;\">\nAndrea estima la hist\u00f2ria de l\u2019art i \u00e9s una bona seguidora de manifestacions art\u00edstiques contempor\u00e0nies. Les seves pinzellades semblen arbitr\u00e0ries i fetes d\u2019una manera improvisada, per\u00f2 tot el conjunt transmet un sentiment d\u2019autenticitat; s\u00f3n testimoni d\u2019una personalitat forta, i ens remeten directament a una mirada molt personal del m\u00f3n, plena de vitalitat, entusiasme i d\u2019un car\u00e0cter molt actiu. Una opci\u00f3 sincera per apropar-se, sobretot, a la manera de dibuixar dels m\u00e9s petits, als qui ella dirigeix el seu treball, i allunyar-se dels estereotips de moltes escoles d\u2019il\u00b7lustraci\u00f3, potser per a distanciar-se de les cr\u00edtiques, tamb\u00e9 estereotipades, de molts dels mitjans i mediadors que fomenten la literatura infantil. <\/div>\n<div style=\"text-align: justify;\">\nUn dels trets del seu estil \u00e9s presentar unes composicions molt senzilles, amb l\u2019abs\u00e8ncia pr\u00e0cticament de segons plans i d\u2019accions paral\u00b7leles.<\/div>\n<div style=\"text-align: justify;\">\n<\/div>\n<div class=\"separator\" style=\"clear: both; text-align: center;\">\n<a href=\"https:\/\/i0.wp.com\/llibresalrepla.cat\/wp-content\/uploads\/2014\/10\/alica.jpg\" imageanchor=\"1\" style=\"clear: left; float: left; margin-bottom: 1em; margin-right: 1em; text-align: justify;\"><img data-recalc-dims=\"1\" loading=\"lazy\" decoding=\"async\" border=\"0\" src=\"https:\/\/i0.wp.com\/llibresalrepla.cat\/wp-content\/uploads\/2014\/10\/alica.jpg?resize=320%2C220\" height=\"220\" width=\"320\" \/><\/a><\/div>\n<div style=\"text-align: justify;\">\n<\/div>\n<div style=\"text-align: justify;\">\n<\/div>\n<div style=\"text-align: justify;\">\nL\u2019Andrea, interessada en aquest apropament als infants, dibuixa i escriu la majoria dels seus llibres. Tamb\u00e9 ha il\u00b7lustrat alguns cl\u00e0ssics que li han donat molt reconeixement internacional i ha estat guardonada per les seves versions d\u2019Al\u00edcia al Pa\u00eds de les meravelles, El m\u00e0gic d\u2019Oz o Pinotxo.<\/div>\n<div style=\"text-align: justify;\">\n<\/div>\n<p><a href=\"https:\/\/i0.wp.com\/llibresalrepla.cat\/wp-content\/uploads\/2014\/10\/4169901.jpg\" imageanchor=\"1\" style=\"clear: right; float: right; margin-bottom: 1em; margin-left: 1em; text-align: justify;\"><img data-recalc-dims=\"1\" loading=\"lazy\" decoding=\"async\" border=\"0\" src=\"https:\/\/i0.wp.com\/llibresalrepla.cat\/wp-content\/uploads\/2014\/10\/4169901.jpg?resize=156%2C200\" height=\"200\" width=\"156\" \/><\/a><\/p>\n<div style=\"text-align: justify;\">\nAl llibre El cel blau l\u2019Andrea planteja la hist\u00f2ria d\u2019una nena que anhela l\u2019amor dels seus pares, perduts fa molt de temps. Potser l\u2019autora es representa a ella mateixa quan recorda els seus pares, que tamb\u00e9 van morir quan era petita. Utilitza nom\u00e9s el color blau, amb els neutres blanc i negre, per a proposar un atmosfera intimista i un cert aire melangi\u00f3s que la pr\u00f2pia hist\u00f2ria d\u2019enyor dels progenitors requereix.<\/div>\n<p><\/p>\n<div style=\"text-align: justify;\">\n<\/div>\n<div style=\"text-align: justify;\">\nA Al\u00edcia al pa\u00eds de les Meravelles ens presenta una Al\u00edcia observadora. Atent a un parad\u00eds completament buit, present nom\u00e9s a la imaginaci\u00f3 del lector. Les pinzellades gruixudes i els colors vius a les escenes de l\u2019inici ajuden a apropar-se a aquest m\u00f3n ingenu i carregat de sorpreses de la petita Al\u00edcia i potser tamb\u00e9 al m\u00f3n de l\u2019Andrea. <\/div>\n<div style=\"text-align: justify;\">\n<\/div>\n<div style=\"text-align: justify;\">\nAlgunes de les il\u00b7lustracions tenen una certa precipitaci\u00f3 en els acabats dels objectes representats, com la taula i les cadires a l\u2019escena del barretaire boig. <\/div>\n<p><a href=\"https:\/\/i0.wp.com\/llibresalrepla.cat\/wp-content\/uploads\/2014\/10\/OZ3.jpg\" imageanchor=\"1\" style=\"clear: right; float: right; margin-bottom: 1em; margin-left: 1em; text-align: justify;\"><img data-recalc-dims=\"1\" decoding=\"async\" border=\"0\" src=\"https:\/\/i0.wp.com\/llibresalrepla.cat\/wp-content\/uploads\/2014\/10\/OZ3.jpg?w=900\" \/><\/a><\/p>\n<div style=\"text-align: justify;\">\nDorothy, la protagonista del M\u00e0gic d\u2019Oz a la versi\u00f3 il\u00b7lustrada per l\u2019Andrea Petrlik Huseinovic sembla ben b\u00e9 la mateixa Al\u00edcia que ha canviat de conte i de pentinat. Amb personatges frontals i molt estereotipats en els rostres, hi ha molta m\u00e9s intenci\u00f3 en el color i l\u2019aplicaci\u00f3 als espais per ajudar-nos a passar d\u2019un ambient c\u00e0lid al principi a un de fosc i m\u00e9s saturat en les escenes on\u00edriques.<\/div>\n<div style=\"text-align: justify;\">\n<\/div>\n<p><a href=\"https:\/\/i0.wp.com\/llibresalrepla.cat\/wp-content\/uploads\/2014\/10\/alice2.jpg\" imageanchor=\"1\" style=\"clear: left; float: left; margin-bottom: 1em; margin-right: 1em; text-align: justify;\"><img data-recalc-dims=\"1\" loading=\"lazy\" decoding=\"async\" border=\"0\" src=\"https:\/\/i0.wp.com\/llibresalrepla.cat\/wp-content\/uploads\/2014\/10\/alice2.jpg?resize=155%2C200\" height=\"200\" width=\"155\" \/><\/a><\/p>\n<div style=\"text-align: justify;\">\nAndrea recorda sovint la nena que ha estat, i ho fa en tots i cadascun dels llibres.<\/div>\n<p><\/p>\n<div style=\"text-align: justify;\">\nDibuixa el que sent, a partir d\u2019uns records que la commouen. Per\u00f2 sobretot, l\u2019Andrea gaudeix d\u2019aquesta manera d\u2019il\u00b7lustrar a partir de la immediatesa i d\u2019una realitzaci\u00f3 pr\u00e0ctica molt solta i lliure. Amb les seves il\u00b7lustracions ens transmet un m\u00f3n ple de records, certa ingenu\u00eftat, despreocupaci\u00f3 t\u00e8cnica i, sobretot, molta felicitat.<\/div>\n<div style=\"text-align: justify;\">\n<\/div>\n<div style=\"text-align: justify;\">\n<\/div>\n<div style=\"text-align: justify;\">\nPossiblement un dia veurem publicada en catal\u00e0 l\u2019obra de l\u2019Andrea Petrlik Huseinovic. Alguna editorial del nostre pa\u00eds adoptar\u00e0 un criteri art\u00edsticament m\u00e9s obert per fer-nos arribar la seva obra i gaudirem de tota la honestedat i llibertat de treball que contenen les seves propostes. <\/div>\n<div style=\"text-align: justify;\">\n<\/div>\n<div style=\"text-align: justify;\">\nSeria tota una novetat per als nostres ulls acostumats a una est\u00e8tica molt diferent.<\/div>\n<div style=\"text-align: justify;\">\n<\/div>\n<div class=\"separator\" style=\"clear: both; text-align: center;\">\n<\/div>\n<div class=\"separator\" style=\"clear: both; text-align: center;\">\n<a href=\"https:\/\/i0.wp.com\/llibresalrepla.cat\/wp-content\/uploads\/2014\/10\/549318_10151333195948388_1021932954_n.jpg\" imageanchor=\"1\" style=\"margin-left: 1em; margin-right: 1em;\"><img data-recalc-dims=\"1\" loading=\"lazy\" decoding=\"async\" border=\"0\" src=\"https:\/\/i0.wp.com\/llibresalrepla.cat\/wp-content\/uploads\/2014\/10\/549318_10151333195948388_1021932954_n.jpg?resize=200%2C150\" height=\"150\" width=\"200\" \/><\/a><\/div>\n","protected":false},"excerpt":{"rendered":"<p>Vaig con\u00e8ixer a l\u2019Andrea Petrlik Huseinovic a Saarbr\u00fccken, durant el Sal\u00f3 del llibre d\u2019aquesta petita ciutat alemanya. Andrea estava convidada com a representant del seu pa\u00eds, Cro\u00e0cia, i portava una \u00e0mplia mostra de les seves publicacions i algunes il\u00b7lustracions originals. Aquest any podem gaudir del seu treball a la Fira<\/p>\n","protected":false},"author":11,"featured_media":1750,"comment_status":"open","ping_status":"open","sticky":false,"template":"","format":"standard","meta":{"_jetpack_newsletter_access":"","_jetpack_dont_email_post_to_subs":false,"_jetpack_newsletter_tier_id":0,"_jetpack_memberships_contains_paywalled_content":false,"_jetpack_memberships_contains_paid_content":false,"footnotes":"","jetpack_publicize_message":"","jetpack_publicize_feature_enabled":true,"jetpack_social_post_already_shared":true,"jetpack_social_options":{"image_generator_settings":{"template":"highway","default_image_id":0,"font":"","enabled":false},"version":2},"jetpack_post_was_ever_published":false},"categories":[48],"tags":[38],"class_list":["post-613","post","type-post","status-publish","format-standard","has-post-thumbnail","hentry","category-2n-1a","tag-illustracions"],"jetpack_publicize_connections":[],"jetpack_featured_media_url":"https:\/\/i0.wp.com\/llibresalrepla.cat\/wp-content\/uploads\/2014\/10\/AndreaPetrlikHuseinoviuc.jpg?fit=720%2C712&ssl=1","jetpack_sharing_enabled":true,"jetpack_shortlink":"https:\/\/wp.me\/p983NL-9T","_links":{"self":[{"href":"https:\/\/llibresalrepla.cat\/index.php?rest_route=\/wp\/v2\/posts\/613","targetHints":{"allow":["GET"]}}],"collection":[{"href":"https:\/\/llibresalrepla.cat\/index.php?rest_route=\/wp\/v2\/posts"}],"about":[{"href":"https:\/\/llibresalrepla.cat\/index.php?rest_route=\/wp\/v2\/types\/post"}],"author":[{"embeddable":true,"href":"https:\/\/llibresalrepla.cat\/index.php?rest_route=\/wp\/v2\/users\/11"}],"replies":[{"embeddable":true,"href":"https:\/\/llibresalrepla.cat\/index.php?rest_route=%2Fwp%2Fv2%2Fcomments&post=613"}],"version-history":[{"count":1,"href":"https:\/\/llibresalrepla.cat\/index.php?rest_route=\/wp\/v2\/posts\/613\/revisions"}],"predecessor-version":[{"id":1759,"href":"https:\/\/llibresalrepla.cat\/index.php?rest_route=\/wp\/v2\/posts\/613\/revisions\/1759"}],"wp:featuredmedia":[{"embeddable":true,"href":"https:\/\/llibresalrepla.cat\/index.php?rest_route=\/wp\/v2\/media\/1750"}],"wp:attachment":[{"href":"https:\/\/llibresalrepla.cat\/index.php?rest_route=%2Fwp%2Fv2%2Fmedia&parent=613"}],"wp:term":[{"taxonomy":"category","embeddable":true,"href":"https:\/\/llibresalrepla.cat\/index.php?rest_route=%2Fwp%2Fv2%2Fcategories&post=613"},{"taxonomy":"post_tag","embeddable":true,"href":"https:\/\/llibresalrepla.cat\/index.php?rest_route=%2Fwp%2Fv2%2Ftags&post=613"}],"curies":[{"name":"wp","href":"https:\/\/api.w.org\/{rel}","templated":true}]}}