{"id":611,"date":"2014-10-14T06:11:00","date_gmt":"2014-10-14T06:11:00","guid":{"rendered":"http:\/\/llibresalrepla.cat\/?p=611"},"modified":"2017-09-02T05:56:41","modified_gmt":"2017-09-02T05:56:41","slug":"bon-fario-2","status":"publish","type":"post","link":"https:\/\/llibresalrepla.cat\/?p=611","title":{"rendered":"Bon Fario"},"content":{"rendered":"<p><a href=\"https:\/\/i0.wp.com\/llibresalrepla.cat\/wp-content\/uploads\/2014\/10\/Fario-Santi-Bar%C3%B3-633x1024-633x1024.jpg\" imageanchor=\"1\" style=\"clear: left; float: left; margin-bottom: 1em; margin-right: 1em;\"><img data-recalc-dims=\"1\" loading=\"lazy\" decoding=\"async\" border=\"0\" src=\"https:\/\/i0.wp.com\/llibresalrepla.cat\/wp-content\/uploads\/2014\/10\/Fario-Santi-Bar%C3%B3-633x1024-633x1024.jpg?resize=246%2C400\" height=\"400\" width=\"246\" \/><\/a><\/p>\n<div class=\"MsoNormal\" style=\"text-align: justify;\">\n<a href=\"http:\/\/santi-baro.blogspot.com.es\/\">Amb en Santi Bar\u00f3&nbsp;<\/a>(Olesa de Montserrat, 1965) m&#8217;uneixen diferents passions, per\u00f2 amb algunes difer\u00e8ncies que crec que s\u00f3n prou importants.<\/p>\n<\/div>\n<div style=\"text-align: justify;\">\nPotser, tant a ell com a l&#8217;Alba i a mi, ens agrada matinar per &#8220;empaitar un repte&#8221;, com diu el mateix autor, per anar a at\u00e8nyer muntanyes.&nbsp;<\/div>\n<div style=\"text-align: justify;\">\nTant<br \/>\na l\u2019autor com a l&#8217;Alba i a mi ens agrada trescar pels corriols dels Pirineus,<br \/>\nascendir a primera hora del mat\u00ed, quan la boira encara est\u00e0 baixa, pels<br \/>\nsenders que al llarg dels anys han vist passar aquests conqueridors de<br \/>\nl\u2019in\u00fatil, aquests excursionistes, alpinistes i escaladors.&nbsp;<\/div>\n<div style=\"text-align: justify;\">\nPer\u00f2 cal dir que<br \/>\nal Santi Bar\u00f3 li agrada arribar als estanys i, ben equipat, anar a la ca\u00e7a i captura<br \/>\nde l\u2019anomenada <i><a href=\"http:\/\/www.xtec.cat\/~fturmo\/d108\/peixos\/truita.htm\">Salom trutta fario<\/a><\/i>, coneguda popularment com la <i>fario<\/i>&nbsp;(i d&#8217;aqu\u00ed el t\u00edtol de la novel\u00b7la). I a l&#8217;Alba i a mi no.<br \/>\nLa fario \u00e9s una<br \/>\ntruita esmunyedissa, un peix que sembla jugar amb el pescador posant a prova els seus<br \/>\nnervis. Un joc entre l\u2019home i l\u2019animal que pot acabar amb la captura o amb la m\u00e9s rotunda de les derrotes. Per\u00f2 benvolguts lectors, no us espanteu, perqu\u00e8 posteriorment, un cop ben ple l\u2019ego del pescaire, la deixa anar fins a la<br \/>\npropera partida.&nbsp;<\/div>\n<div style=\"text-align: justify;\">\n<\/div>\n<div style=\"text-align: justify;\">\nEn una situaci\u00f3 similar, per\u00f2 sense aturar-nos al costat de les<br \/>\ntranquil\u00b7les aig\u00fces dels estanys, als escaladors ens agrada enfrontar-nos a reptes<br \/>\nque nom\u00e9s alguns hem dibuixat al cap: diedres, plaques, cornises,<br \/>\nxemeneies, sostres&#8230;, tots ells elements que dibuixen una lluita entre l\u2019esportista i la natura per, un<br \/>\ncop arribats al cim i haver emplenat el nostre ego, davallar i retornar al punt<br \/>\nd\u2019origen.<\/p>\n<p>Ei!, Bar\u00f3,&nbsp;tamb\u00e9&nbsp;vos sou com l&#8217;Alba i jo un conqueridor de l\u2019in\u00fatil.<\/p><\/div>\n<div style=\"margin: 0cm 0cm 0.0001pt; text-align: justify;\">\n<\/div>\n<div style=\"margin: 0cm 0cm 0.0001pt; text-align: justify;\">\nI amb aquesta premissa, donar sentit a una vida in\u00fatil,<br \/>\nperduda, d\u2019una adolescent rebel sense objectiu a la vida, <a href=\"http:\/\/www.cruilla.cat\/ver_noticia.aspx?id=11721\"><i>Fario <\/i>(<\/a><a href=\"http:\/\/www.cruilla.cat\/ver_noticia.aspx?id=11721\">BAR\u00d3, Santi.&nbsp;<i>Fario<\/i>. Barcelona: Cru\u00eflla, 2014 (Gran Angular, 174). Premi Gran Angular 2014)<\/a> ens introdueix a un m\u00f3n de<br \/>\ndif\u00edcil sortida: el m\u00f3n dels mal anomenats <i>ni-nis<\/i> i que, d\u2019una o altra manera l\u2019Andrea,<br \/>\nla protagonista de l\u2019obra, ens convida a con\u00e8ixer.<\/div>\n<div style=\"margin: 0cm 0cm 0.0001pt; text-align: justify;\">\n<\/div>\n<div style=\"margin-bottom: .0001pt; margin: 0cm;\">\n<\/div>\n<div style=\"text-align: justify;\">\nJo tamb\u00e9 vaig viure aquests brots revolucionaris, aquesta<br \/>\nrebel\u00b7li\u00f3 intr\u00ednseca a l\u2019adolesc\u00e8ncia, per\u00f2 jo vaig trobar una v\u00e0lvula d\u2019escapament,<br \/>\nuna sortida de socors que em port\u00e0 a enfilar-me, cap de setmana darrera cap de<br \/>\nsetmana per pinacles de la nostra estimada Montserrat. Al Santi Bar\u00f3 la rebeldia el port\u00e0 a la pesca d&#8217;al\u00e7ada, a descobrir les aig\u00fces cristal\u00b7lines dels Pirineus.&nbsp;<\/div>\n<div style=\"text-align: justify;\">\n<\/div>\n<div style=\"text-align: justify;\">\n<table cellpadding=\"0\" cellspacing=\"0\" class=\"tr-caption-container\" style=\"float: right; text-align: right;\">\n<tbody>\n<tr>\n<td style=\"text-align: center;\"><a href=\"https:\/\/i0.wp.com\/llibresalrepla.cat\/wp-content\/uploads\/2014\/10\/PremiCru%C3%AFlla5-1024x613.jpg\" imageanchor=\"1\" style=\"clear: right; margin-bottom: 1em; margin-left: auto; margin-right: auto; text-align: justify;\"><img data-recalc-dims=\"1\" loading=\"lazy\" decoding=\"async\" border=\"0\" src=\"https:\/\/i0.wp.com\/llibresalrepla.cat\/wp-content\/uploads\/2014\/10\/PremiCru%C3%AFlla5.jpg?resize=320%2C191\" height=\"191\" width=\"320\" \/><\/a><\/td>\n<\/tr>\n<tr>\n<td class=\"tr-caption\" style=\"text-align: center;\"><i>Santi Bar\u00f3 el dia de la presentaci\u00f3 del premi Gran <br \/>Angular 2014 del que Fario en result\u00e0 guanyadora&nbsp;<\/i><\/td>\n<\/tr>\n<\/tbody>\n<\/table>\n<p>I \u00e9s que l\u2019Andrea,<br \/>\nencara que no ho s\u00e0piga, a imatge i semblan\u00e7a del propi autor, va a la recerca del sentit de la vida, de donar<br \/>\nresposta a una exist\u00e8ncia basada en fer la punyeta al m\u00e9s proper per sentir-se<br \/>\nviva. Per\u00f2 tot canvia quan de la necessitat se\u2019n fa virtut i l\u2019Andrea no t\u00e9 m\u00e9s<br \/>\nremei que fugir de la ciutat i descobrir un entorn nou, un indret que ha d\u2019aprendre a llegir,<br \/>\na entendre, a moure\u2019s amb la mateixa seguretat amb la que es movia per la seva<br \/>\nciutat natal.<\/p><\/div>\n<div style=\"margin: 0cm 0cm 0.0001pt; text-align: justify;\">\n<\/div>\n<div style=\"margin: 0cm 0cm 0.0001pt; text-align: justify;\">\nQuants pares i mares voldrien tenir un <a href=\"http:\/\/ca.wikipedia.org\/wiki\/Bold%C3%ADs_Sobir%C3%A0\">Bold\u00eds Sobir\u00e0<\/a>, un poble on l&#8217;esperan\u00e7a estigui dipositada en la naturalesa, un paisatge que semblaria que ha de salvar-ho tot. I \u00e9s en<br \/>\naquest entorn, on per no haver no hi ha ni cobertura de m\u00f2bil, on l\u2019Andrea a poc a<br \/>\npoc se n\u2019adona del valor de la vida, de la necessitat d&#8217;agafar-se a un clau encara que estigui roent.&nbsp;<\/div>\n<div style=\"margin: 0cm 0cm 0.0001pt; text-align: justify;\">\n<\/div>\n<div style=\"margin: 0cm 0cm 0.0001pt; text-align: justify;\">\nRecordo que durant els inicis de la crisi de principis del segle XXI,<br \/>\nquan la bombolla immobili\u00e0ria havia petat, un amic, comerciant de material de<br \/>\nmuntanya, em comentava que els negocis li anaven prou b\u00e9, que cada any<br \/>\nvenia una mica m\u00e9s que l\u2019anterior. Q\u00fcestionat sobre el perqu\u00e8 de tan estrany<br \/>\nsucc\u00e9s, em va contar que sociol\u00f2gicament s\u2019havia estudiat que en moments en el<br \/>\nque tot i tothom \u00e9s inestable, en el que la inseguretat regna arreu, les persones<br \/>\nhem de tornar a all\u00f2 que ens d\u00f3na estabilitat, i res millor que la natura, all\u00f2 que ens sembla immutable. I \u00e9s per aix\u00f2 que l&#8217;Andrea troba, en aquest entorn agrest, el sentit a la seva exist\u00e8ncia.&nbsp;<\/div>\n<div style=\"margin: 0cm 0cm 0.0001pt; text-align: justify;\">\n<\/div>\n<div style=\"margin: 0cm 0cm 0.0001pt; text-align: justify;\">\nBar\u00f3, malgrat que t\u2019entestis a assegurar que<br \/>\nles teves novel\u00b7les no tenen missatge, de ben segur que tu ens volies<br \/>\ntransmetre la tensi\u00f3 que es viu, des del moment que es deixa el cotxe fins que<br \/>\ns\u2019hi torna, quan hom va a la captura del seu <i>Fario<\/i> particular. I l\u2019Andrea,<br \/>\nencara que sigui inconscientment, tamb\u00e9 vol aconseguir el seu.&nbsp;<\/p>\n<p>Per\u00f2 no et preocupis Bar\u00f3, jo continuar\u00e9 repassat la teva obra, els teus t\u00edtols guanyadors dels premis Barcanova (2006 i 2010) i Gran Angular (2011 i 2014) a la recerca del missatge que t&#8217;entestes a dir que no hi \u00e9s. I \u00e9s que escriure qualsevol text, fins i tot la guia telef\u00f2nica, cont\u00e9 missatge encara que nom\u00e9s sigui en l&#8217;elecci\u00f3 de les paraules, el g\u00e8nere o el verb que utilitzes. Escriure implica sempre una elecci\u00f3, i en l&#8217;elecci\u00f3 hi ha impl\u00edcita un determinat missatge. I <i>Fario<\/i>, per molt que ho proclamis al teu <a href=\"http:\/\/santi-baro.blogspot.com.es\/\">bloc <\/a>dient que aquesta \u00e9s &#8220;una hist\u00f2ria que fuig de qualsevol missatge, intent de transmetre valors o alli\u00e7onament&#8221;, n&#8217;\u00e9s ple .&nbsp;<\/p>\n<\/div>\n<div style=\"text-align: justify;\">\nSanti, ara que tinc temps per fer i desfer, que el m\u00f3n s&#8217;ha enfonsat i la civilitzaci\u00f3 ha d&#8217;afrontar el <i>Segon origen<\/i>, potser&nbsp;un dia&nbsp;m&#8217;arribar\u00e9 fins als estanys de Romedo per comprovar si, com dius en un dels moments claus de l&#8217;obra, la Pica d&#8217;Estats es veu des d&#8217;aquest indret m\u00e0gic del Pallars. Ja veieu, per la foto, que la darrera vegada que m&#8217;hi vaig arribar la boira no em va deixar veure l&#8217;entorn. Per molts <i>farios<\/i>!&nbsp;<\/div>\n<div style=\"text-align: justify;\">\n<\/div>\n<div class=\"separator\" style=\"clear: both; text-align: center;\">\n<a href=\"https:\/\/i0.wp.com\/llibresalrepla.cat\/wp-content\/uploads\/2014\/10\/EstanydeRomedo-1024x682.jpg\" imageanchor=\"1\" style=\"margin-left: 1em; margin-right: 1em;\"><img data-recalc-dims=\"1\" loading=\"lazy\" decoding=\"async\" border=\"0\" src=\"https:\/\/i0.wp.com\/llibresalrepla.cat\/wp-content\/uploads\/2014\/10\/EstanydeRomedo.jpg?resize=640%2C425\" height=\"425\" width=\"640\" \/><\/a><\/div>\n<p><\/p>\n","protected":false},"excerpt":{"rendered":"<p>Amb en Santi Bar\u00f3&nbsp;(Olesa de Montserrat, 1965) m&#8217;uneixen diferents passions, per\u00f2 amb algunes difer\u00e8ncies que crec que s\u00f3n prou importants. Potser, tant a ell com a l&#8217;Alba i a mi, ens agrada matinar per &#8220;empaitar un repte&#8221;, com diu el mateix autor, per anar a at\u00e8nyer muntanyes.&nbsp; Tant a l\u2019autor<\/p>\n","protected":false},"author":12,"featured_media":1745,"comment_status":"open","ping_status":"open","sticky":false,"template":"","format":"standard","meta":{"_jetpack_newsletter_access":"","_jetpack_dont_email_post_to_subs":false,"_jetpack_newsletter_tier_id":0,"_jetpack_memberships_contains_paywalled_content":false,"_jetpack_memberships_contains_paid_content":false,"footnotes":"","jetpack_publicize_message":"","jetpack_publicize_feature_enabled":true,"jetpack_social_post_already_shared":true,"jetpack_social_options":{"image_generator_settings":{"template":"highway","default_image_id":0,"font":"","enabled":false},"version":2},"jetpack_post_was_ever_published":false},"categories":[6],"tags":[37,40],"class_list":["post-611","post","type-post","status-publish","format-standard","has-post-thumbnail","hentry","category-2n-2a","tag-critica","tag-novella-juvenil"],"jetpack_publicize_connections":[],"jetpack_featured_media_url":"https:\/\/i0.wp.com\/llibresalrepla.cat\/wp-content\/uploads\/2014\/10\/Fario-Santi-Bar%C3%B3-633x1024.jpg?fit=633%2C1024&ssl=1","jetpack_sharing_enabled":true,"jetpack_shortlink":"https:\/\/wp.me\/p983NL-9R","_links":{"self":[{"href":"https:\/\/llibresalrepla.cat\/index.php?rest_route=\/wp\/v2\/posts\/611","targetHints":{"allow":["GET"]}}],"collection":[{"href":"https:\/\/llibresalrepla.cat\/index.php?rest_route=\/wp\/v2\/posts"}],"about":[{"href":"https:\/\/llibresalrepla.cat\/index.php?rest_route=\/wp\/v2\/types\/post"}],"author":[{"embeddable":true,"href":"https:\/\/llibresalrepla.cat\/index.php?rest_route=\/wp\/v2\/users\/12"}],"replies":[{"embeddable":true,"href":"https:\/\/llibresalrepla.cat\/index.php?rest_route=%2Fwp%2Fv2%2Fcomments&post=611"}],"version-history":[{"count":1,"href":"https:\/\/llibresalrepla.cat\/index.php?rest_route=\/wp\/v2\/posts\/611\/revisions"}],"predecessor-version":[{"id":1748,"href":"https:\/\/llibresalrepla.cat\/index.php?rest_route=\/wp\/v2\/posts\/611\/revisions\/1748"}],"wp:featuredmedia":[{"embeddable":true,"href":"https:\/\/llibresalrepla.cat\/index.php?rest_route=\/wp\/v2\/media\/1745"}],"wp:attachment":[{"href":"https:\/\/llibresalrepla.cat\/index.php?rest_route=%2Fwp%2Fv2%2Fmedia&parent=611"}],"wp:term":[{"taxonomy":"category","embeddable":true,"href":"https:\/\/llibresalrepla.cat\/index.php?rest_route=%2Fwp%2Fv2%2Fcategories&post=611"},{"taxonomy":"post_tag","embeddable":true,"href":"https:\/\/llibresalrepla.cat\/index.php?rest_route=%2Fwp%2Fv2%2Ftags&post=611"}],"curies":[{"name":"wp","href":"https:\/\/api.w.org\/{rel}","templated":true}]}}