{"id":5849,"date":"2021-10-22T11:54:14","date_gmt":"2021-10-22T11:54:14","guid":{"rendered":"https:\/\/llibresalrepla.cat\/?p=5849"},"modified":"2021-10-25T06:10:41","modified_gmt":"2021-10-25T06:10:41","slug":"sexe-quin-sexe","status":"publish","type":"post","link":"https:\/\/llibresalrepla.cat\/?p=5849","title":{"rendered":"Sexe? Quin sexe?"},"content":{"rendered":"<p>Alguns, els m\u00e9s vells, de ben segur que haureu associat el t\u00edtol <em>Sexe? Quin sexe?<\/em> d&#8217;aquest article amb el disc de la banda Supertramp <em><a href=\"https:\/\/www.youtube.com\/watch?v=oVOFK9zYwtY&amp;ab_channel=ALTP\">Crisis? What crisis?<\/a><\/em> i \u00e9s per aix\u00f2 que, si em permeteu, us demanaria que escolt\u00e9ssiu aquest magn\u00edfic disc a mesura que els vostres ulls naveguen per les lletres d&#8217;aquest text.<\/p>\n<p>Com tantes coses tot comen\u00e7a amb una pregunta: la LIJ ha estat capa\u00e7 de respondre a l&#8217;inter\u00e8s dels joves lectors pel que fa als seus interessos sobre el sexe? Doncs b\u00e9, si mirem l&#8217;oferta del moment s\u00f3n molts els llibres en el que el m\u00f3n <a href=\"https:\/\/ca.wikipedia.org\/wiki\/Queer\"><em>queer\u00a0<\/em><\/a>hi \u00e9s present, fins i tot a voltes hom pensa que en exc\u00e9s, ja que el tema ha acabat matant la trama. Per\u00f2, quan entres m\u00e9s al detall no sembla que afrontin a fons el tema de les relacions sexuals, quedant-se habitualment en un pla molt pudor\u00f3s -cosa que no sempre passa com podeu llegir en la magn\u00edfica entrada que <a href=\"https:\/\/llibresalrepla.cat\/?p=5812\">Pep Molist<\/a> va fer en aquest mateix blog.<\/p>\n<p>I hist\u00f2ricament? Com s&#8217;ha reflectit aquesta entrada a les relacions sexuals en les lectures juvenils? Doncs mirem-ho amb tres exemples: <em>El comte de Montecristo<\/em>, d&#8217;Alexandre Dumas, <em>Mecanoscrit del segon origen<\/em>, de Manuel de Pedrolo, i\u00a0<em>El diari vermell de la Carlota<\/em>, de Gemma Lienas. Dels tres se n&#8217;ha fet una recerca en el text del moment \u00e0lgid la relaci\u00f3 dels protagonistes obviant, en som conscients, que el sexe i relacions sexuals no \u00e9s el mateix per\u00f2 que aix\u00ed ho fem servir perqu\u00e8 ens serveix de referent. Tamb\u00e9 som conscients que l&#8217;obra de Dumas no va ser escrita per a p\u00fablic adolescent -l&#8217;adolesc\u00e8ncia encara no existia com a tal al segle XIX- per\u00f2 q<span style=\"font-size: 1.0625rem;\">ue posteriorment ha estat col\u00b7locada un m\u00faltiples col\u00b7leccions de joves lectors. La nostra ve\u00efna del pis del costat, l&#8217;Ana D\u00edaz-Plaja, va batejar aquest proc\u00e9s com a literatura &#8220;manellevada&#8221;. I, tot i que amb m\u00e9s dubtes, alg\u00fa podria dir el mateix de l&#8217;obra de Pedrolo. Per\u00f2 anem al gra!<\/span><\/p>\n<p>En la magn\u00edfica traducci\u00f3 de Jes\u00fas Moncada de\u00a0<em>El comte de Montecristo <\/em>(La Magrana, 2002. P. 701), una de les relacions amoroses que tenen m\u00e9s transcend\u00e8ncia en l&#8217;obra \u00e9s la que mantenen el jove Maximilien Morrel, fill d&#8217;un gran defensor d&#8217;Edmond Dant\u00e8s, i la jove Valentine de Villefort, filla del jutge que condemn\u00e0 injustament a Dant\u00e8s a la pres\u00f3. En un moment de l&#8217;obra Maximilien i Valentine es troben d&#8217;amagat al fons del pati de la casa d&#8217;ella:<\/p>\n<p><em>-Tanmateix digui-m&#8217;ho.<\/em><img data-recalc-dims=\"1\" loading=\"lazy\" decoding=\"async\" class=\"wp-image-5857 alignright\" src=\"https:\/\/i0.wp.com\/llibresalrepla.cat\/wp-content\/uploads\/2021\/10\/IMG_20211022_133922.jpg?resize=225%2C335\" alt=\"\" width=\"225\" height=\"335\" srcset=\"https:\/\/i0.wp.com\/llibresalrepla.cat\/wp-content\/uploads\/2021\/10\/IMG_20211022_133922-scaled.jpg?resize=335%2C500&amp;ssl=1 335w, https:\/\/i0.wp.com\/llibresalrepla.cat\/wp-content\/uploads\/2021\/10\/IMG_20211022_133922-scaled.jpg?resize=1476%2C2200&amp;ssl=1 1476w, https:\/\/i0.wp.com\/llibresalrepla.cat\/wp-content\/uploads\/2021\/10\/IMG_20211022_133922-scaled.jpg?resize=768%2C1145&amp;ssl=1 768w, https:\/\/i0.wp.com\/llibresalrepla.cat\/wp-content\/uploads\/2021\/10\/IMG_20211022_133922-scaled.jpg?resize=1030%2C1536&amp;ssl=1 1030w, https:\/\/i0.wp.com\/llibresalrepla.cat\/wp-content\/uploads\/2021\/10\/IMG_20211022_133922-scaled.jpg?resize=1374%2C2048&amp;ssl=1 1374w, https:\/\/i0.wp.com\/llibresalrepla.cat\/wp-content\/uploads\/2021\/10\/IMG_20211022_133922-scaled.jpg?w=1717&amp;ssl=1 1717w\" sizes=\"auto, (max-width: 225px) 100vw, 225px\" \/><br \/>\n<em>Valentine s&#8217;havia <\/em><em>acostat al reixat, o m\u00e9s aviat hi havia acostat els llavis, i les seves paraules arribaven amb el seu al\u00e8 perfumat als llavis de Morrel, que collava la boca a l&#8217;altra banda de la tanca inexorable i freda.<\/em><br \/>\n<em>-A reveure -digu\u00e9 Valentine, separant-se amb recan\u00e7a d&#8217;aquella felicitat-, a reveure.<\/em><br \/>\n<em>-\u00bfRebr\u00e9 una carta seva?<\/em><br \/>\n&#8211;<em>S\u00ed<\/em>.<br \/>\n<em>-Gr\u00e0cies, dona estimada, a reveure.<\/em><br \/>\n<em>Va sonar un pet\u00f3 innocent i perdut, i Valentine va fugir sota els til\u00b7lers.<\/em><\/p>\n<p>Est\u00e0 bastant clar que si la humanitat s&#8217;hagu\u00e9s extingit fa temps si hagu\u00e9s adoptat aquests costums en les seves relacions sexuals. I \u00e9s que aquest amor, gaireb\u00e9 trobadoresc, del &#8220;llir entre cards&#8221;, esdev\u00e9 c\u00f2mic amb ulls del segle XXI.<\/p>\n<p>Per\u00f2 no desespereu. En entrar al segle XX Manuel de Pedrolo fa un pas m\u00e9s enll\u00e0 i a <em>Mecanoscrit del segon origen<\/em> (Ed62, 1974. P. 115) ens conta com l&#8217;Alba i el D\u00eddac, els nostres Adam i Eva, engendren el segon origen:<\/p>\n<p><em><img data-recalc-dims=\"1\" loading=\"lazy\" decoding=\"async\" class=\" wp-image-5860 alignright\" src=\"https:\/\/i0.wp.com\/llibresalrepla.cat\/wp-content\/uploads\/2021\/10\/IMG_20211022_133915.jpg?resize=263%2C431\" alt=\"\" width=\"263\" height=\"431\" srcset=\"https:\/\/i0.wp.com\/llibresalrepla.cat\/wp-content\/uploads\/2021\/10\/IMG_20211022_133915-scaled.jpg?resize=305%2C500&amp;ssl=1 305w, https:\/\/i0.wp.com\/llibresalrepla.cat\/wp-content\/uploads\/2021\/10\/IMG_20211022_133915-scaled.jpg?resize=1341%2C2200&amp;ssl=1 1341w, https:\/\/i0.wp.com\/llibresalrepla.cat\/wp-content\/uploads\/2021\/10\/IMG_20211022_133915-scaled.jpg?resize=768%2C1260&amp;ssl=1 768w, https:\/\/i0.wp.com\/llibresalrepla.cat\/wp-content\/uploads\/2021\/10\/IMG_20211022_133915-scaled.jpg?resize=937%2C1536&amp;ssl=1 937w, https:\/\/i0.wp.com\/llibresalrepla.cat\/wp-content\/uploads\/2021\/10\/IMG_20211022_133915-scaled.jpg?resize=1249%2C2048&amp;ssl=1 1249w, https:\/\/i0.wp.com\/llibresalrepla.cat\/wp-content\/uploads\/2021\/10\/IMG_20211022_133915-scaled.jpg?w=1561&amp;ssl=1 1561w\" sizes=\"auto, (max-width: 263px) 100vw, 263px\" \/>I aquella nit, entre dues mantes que havien anat a cercar al remolcador i que van estendre a l&#8217;indret m\u00e9s reculat de la caleta, contra les roques, en D\u00eddac va atansar la boca a l&#8217;orella de la noia i mormol\u00e0:<\/em><br \/>\n<em>-Alba, no et sembla que s\u00f3c un home?<\/em><br \/>\n<em>Ella va obrir els ulls que havia aclucat, rebutj\u00e0 la manta que la cobria i xiuxiuej\u00e0 al seu torn:<\/em><br \/>\n<em>-S\u00ed, D\u00eddac.<\/em><br \/>\n<em>Va abra\u00e7ar-lo al moment que s&#8217;incorporava i s&#8217;esmuny\u00ed sota seu, mirant-lo amb la cara il\u00b7luminada per la cel\u00edstia; ell tamb\u00e9 la mirava, i va dir:<\/em><br \/>\n<em>-T&#8217;estimo, Alba&#8230;<\/em><br \/>\n<em>Ella li va engrapar una m\u00e0 i la hi prem\u00e9 fort mentre els ulls se li enlloraven. I llavors s&#8217;al\u00e7\u00e0 cap a ell perqu\u00e8 la penetr\u00e9s.<\/em><br \/>\n<em>En acabar, van haver de c\u00f3rrer, perseguits per la marea que ja els mullava els peus.<\/em><\/p>\n<p>Tot i que hi ha un salt evident -a tenir en compte que Dumas va escriure la seva obra el 1845 i Pedrolo el 1974- encara es mant\u00e9 un cert secretisme sobre en qu\u00e8 consisteix l&#8217;acte en s\u00ed. Fixem-nos com, fins i tot, sabent-se supervivents gaireb\u00e9 \u00fanics al m\u00f3n, en D\u00eddac i l&#8217;Alba se situen en &#8220;l&#8217;indret m\u00e9s reculat de la caleta&#8221;, i tot l&#8217;acte sexual dura tan sols un punt i a part, un buit de text durant el qual la imaginaci\u00f3 d&#8217;un jove adolescent inexpert pot volar cap a universos fant\u00e0stics.<\/p>\n<p>Per\u00f2 el 2004, el que ni Dumas ni Pedrolo es van atrevir a posar per escrit, Gemma Lienas ens ho deixa anar en el seu <em>El diari vermell de la Carlota<\/em> (Emp\u00faries, 2004. P 110). L&#8217;escena es desenvolupa en el moment de la primera penetraci\u00f3 i p\u00e8rdua de la virginitat dels dos protagonistes: la Carlota -protagonista d&#8217;altres <em>diaris<\/em> de la mateixa autora- i en Flanagan -protagonista de la s\u00e8rie que porta el seu nom i escrita per l&#8217;Andreu Mart\u00edn i en Jaume Ribera on destaca especialment <em>No demanis llobarro fora de temporada<\/em> (1987). Mirem qu\u00e8 ens diuen&#8230;<\/p>\n<p><em><img data-recalc-dims=\"1\" loading=\"lazy\" decoding=\"async\" class=\" wp-image-5861 alignright\" src=\"https:\/\/i0.wp.com\/llibresalrepla.cat\/wp-content\/uploads\/2021\/10\/IMG_20211022_133936.jpg?resize=262%2C386\" alt=\"\" width=\"262\" height=\"386\" srcset=\"https:\/\/i0.wp.com\/llibresalrepla.cat\/wp-content\/uploads\/2021\/10\/IMG_20211022_133936-scaled.jpg?resize=339%2C500&amp;ssl=1 339w, https:\/\/i0.wp.com\/llibresalrepla.cat\/wp-content\/uploads\/2021\/10\/IMG_20211022_133936-scaled.jpg?resize=1491%2C2200&amp;ssl=1 1491w, https:\/\/i0.wp.com\/llibresalrepla.cat\/wp-content\/uploads\/2021\/10\/IMG_20211022_133936-scaled.jpg?resize=768%2C1133&amp;ssl=1 768w, https:\/\/i0.wp.com\/llibresalrepla.cat\/wp-content\/uploads\/2021\/10\/IMG_20211022_133936-scaled.jpg?resize=1041%2C1536&amp;ssl=1 1041w, https:\/\/i0.wp.com\/llibresalrepla.cat\/wp-content\/uploads\/2021\/10\/IMG_20211022_133936-scaled.jpg?resize=1388%2C2048&amp;ssl=1 1388w, https:\/\/i0.wp.com\/llibresalrepla.cat\/wp-content\/uploads\/2021\/10\/IMG_20211022_133936-scaled.jpg?w=1735&amp;ssl=1 1735w\" sizes=\"auto, (max-width: 262px) 100vw, 262px\" \/>-Ui!<\/em><br \/>\n<em>Sense voler, en Flanagan m&#8217;havia tornat a fer mal. Gaireb\u00e9 sense adonar-me&#8217;n, li vaig agafar el penis i el vaig guiar.<\/em><br \/>\n<em>La meva sorpresa va ser maj\u00fascula quan vaig adonar-me que el seu penis entrava a la meva vagina. L&#8217;havia posat en la bona direcci\u00f3 i no va costar gens tenir-lo a dins. Va ser una experi\u00e8ncia molt menys impressionant del que m&#8217;esperava. No vaig notar gaireb\u00e9 res. Ni dolor ni plaer. Amb prou feines notava que tenia una cosa a dins que es bellugava.<\/em><br \/>\n<em>Tenir en Flanagan empresonat dins del meu cos, embolcallar-li el sexe amb el meu, era bonic per\u00f2 no em feia saltar de plaer. En canvi, si en Flanagan m&#8217;hagu\u00e9s acariciat el cl\u00edtoris, crec que potser haur\u00edem pogut encendre de nou tots els volts.<\/em><\/p>\n<p>B\u00e9, el salt \u00e9s important, els tempo entre els inicis i els finals, en aquesta darrer cas, s&#8217;allarguen durant quatre p\u00e0gines -de la 107 a la 110. Per suposat que molt m\u00e9s que un pet\u00f3 robat o un punt i a part. Adonem-nos, doncs, de l&#8217;evoluci\u00f3 que ha fet la literatura juvenil al llarg de les darreres d\u00e8cades; com les experi\u00e8ncies, per \u00edntimes que siguin, han trencat barreres i de forma expl\u00edcita esdevenen fins i tot un manual de primeres pr\u00e0ctiques per a adolescents.<\/p>\n<p>Tamb\u00e9 cal dir, per\u00f2, que no tothom hi est\u00e0 d&#8217;acord i el diari de la Carlota ha estat l&#8217;\u00fanica queixa que he rebut per part de pares sobre l&#8217;adequaci\u00f3 de la seva lectura en clubs per a adolescents que he dinamitzat. I \u00e9s que no cal dir que aix\u00ed com la viol\u00e8ncia de g\u00e8nere &#8211;<em>M<\/em>, de Lolita Bosch-, el su\u00efcidi &#8211;<em>Els ad\u00e9us del Jaguar<\/em>, de Joanjo Garcia- o les fam\u00edlies desestructurades &#8211;<em>La meva germana viu sobre la llar de foc<\/em>, d&#8217;Anabel Pitcher-, a tall d&#8217;exemple, sovintegen en la tem\u00e0tica adolescent i una vegada i una altra se&#8217;ns mostren en les lectures per a joves, les relacions sexuals m\u00e9s o menys expl\u00edcites continuen sent terreny vedat.<\/p>\n<p>De motius en podr\u00edem esgrimir for\u00e7a. A tall de mostra dir que: no se n&#8217;edita ja que qui est\u00e0 al capdavant de molts dels segells editorials s\u00f3n persones adultes, amb el salt generacional que suposa amb els seus lectors i els interessos i expectatives; que molts dels segells editorials per a joves lectors estan sota la cust\u00f2dia d&#8217;ordes religioses, amb el que aix\u00f2 suposa pel que fa a la mirada sobre el sexe i les relacions sexuals; o que no seran seleccionats com a lectures escolars ja que els qui els han de triar -els professors- creuen que la selecci\u00f3 d&#8217;aquestes lectures els portaran problemes amb pares dels alumnes.<\/p>\n<p>Aix\u00ed, doncs, malgrat el salt que s&#8217;ha fet encara queda cam\u00ed per rec\u00f3rrer.<\/p>\n","protected":false},"excerpt":{"rendered":"<p>Alguns, els m\u00e9s vells, de ben segur que haureu associat el t\u00edtol Sexe? Quin sexe? d&#8217;aquest article amb el disc de la banda Supertramp Crisis? What crisis? i \u00e9s per aix\u00f2 que, si em permeteu, us demanaria que escolt\u00e9ssiu aquest magn\u00edfic disc a mesura que els vostres ulls naveguen per<\/p>\n","protected":false},"author":12,"featured_media":5864,"comment_status":"open","ping_status":"open","sticky":false,"template":"","format":"standard","meta":{"_jetpack_newsletter_access":"","_jetpack_dont_email_post_to_subs":false,"_jetpack_newsletter_tier_id":0,"_jetpack_memberships_contains_paywalled_content":false,"_jetpack_memberships_contains_paid_content":false,"footnotes":"","jetpack_publicize_message":"","jetpack_publicize_feature_enabled":true,"jetpack_social_post_already_shared":true,"jetpack_social_options":{"image_generator_settings":{"template":"highway","default_image_id":0,"font":"","enabled":false},"version":2},"jetpack_post_was_ever_published":false},"categories":[6],"tags":[616],"class_list":["post-5849","post","type-post","status-publish","format-standard","has-post-thumbnail","hentry","category-2n-2a","tag-sexe"],"jetpack_publicize_connections":[],"jetpack_featured_media_url":"https:\/\/i0.wp.com\/llibresalrepla.cat\/wp-content\/uploads\/2021\/10\/Supertramp-Crisis-What-Crisis.jpg?fit=500%2C496&ssl=1","jetpack_sharing_enabled":true,"jetpack_shortlink":"https:\/\/wp.me\/p983NL-1wl","_links":{"self":[{"href":"https:\/\/llibresalrepla.cat\/index.php?rest_route=\/wp\/v2\/posts\/5849","targetHints":{"allow":["GET"]}}],"collection":[{"href":"https:\/\/llibresalrepla.cat\/index.php?rest_route=\/wp\/v2\/posts"}],"about":[{"href":"https:\/\/llibresalrepla.cat\/index.php?rest_route=\/wp\/v2\/types\/post"}],"author":[{"embeddable":true,"href":"https:\/\/llibresalrepla.cat\/index.php?rest_route=\/wp\/v2\/users\/12"}],"replies":[{"embeddable":true,"href":"https:\/\/llibresalrepla.cat\/index.php?rest_route=%2Fwp%2Fv2%2Fcomments&post=5849"}],"version-history":[{"count":16,"href":"https:\/\/llibresalrepla.cat\/index.php?rest_route=\/wp\/v2\/posts\/5849\/revisions"}],"predecessor-version":[{"id":5869,"href":"https:\/\/llibresalrepla.cat\/index.php?rest_route=\/wp\/v2\/posts\/5849\/revisions\/5869"}],"wp:featuredmedia":[{"embeddable":true,"href":"https:\/\/llibresalrepla.cat\/index.php?rest_route=\/wp\/v2\/media\/5864"}],"wp:attachment":[{"href":"https:\/\/llibresalrepla.cat\/index.php?rest_route=%2Fwp%2Fv2%2Fmedia&parent=5849"}],"wp:term":[{"taxonomy":"category","embeddable":true,"href":"https:\/\/llibresalrepla.cat\/index.php?rest_route=%2Fwp%2Fv2%2Fcategories&post=5849"},{"taxonomy":"post_tag","embeddable":true,"href":"https:\/\/llibresalrepla.cat\/index.php?rest_route=%2Fwp%2Fv2%2Ftags&post=5849"}],"curies":[{"name":"wp","href":"https:\/\/api.w.org\/{rel}","templated":true}]}}