{"id":5629,"date":"2021-06-25T20:14:35","date_gmt":"2021-06-25T20:14:35","guid":{"rendered":"https:\/\/llibresalrepla.cat\/?p=5629"},"modified":"2021-11-10T18:12:37","modified_gmt":"2021-11-10T18:12:37","slug":"sense-en-bernat-cormand","status":"publish","type":"post","link":"https:\/\/llibresalrepla.cat\/?p=5629","title":{"rendered":"Sense en Bernat Cormand&#8230;"},"content":{"rendered":"\r\n<figure class=\"wp-block-image size-large\"><img data-recalc-dims=\"1\" loading=\"lazy\" decoding=\"async\" width=\"900\" height=\"237\" class=\"wp-image-5630\" src=\"https:\/\/i0.wp.com\/llibresalrepla.cat\/wp-content\/uploads\/2021\/06\/Manos-2.jpg?resize=900%2C237&#038;ssl=1\" alt=\"\" srcset=\"https:\/\/i0.wp.com\/llibresalrepla.cat\/wp-content\/uploads\/2021\/06\/Manos-2.jpg?w=1140&amp;ssl=1 1140w, https:\/\/i0.wp.com\/llibresalrepla.cat\/wp-content\/uploads\/2021\/06\/Manos-2.jpg?resize=500%2C132&amp;ssl=1 500w, https:\/\/i0.wp.com\/llibresalrepla.cat\/wp-content\/uploads\/2021\/06\/Manos-2.jpg?resize=768%2C202&amp;ssl=1 768w, https:\/\/i0.wp.com\/llibresalrepla.cat\/wp-content\/uploads\/2021\/06\/Manos-2.jpg?resize=560%2C147&amp;ssl=1 560w, https:\/\/i0.wp.com\/llibresalrepla.cat\/wp-content\/uploads\/2021\/06\/Manos-2.jpg?resize=260%2C68&amp;ssl=1 260w, https:\/\/i0.wp.com\/llibresalrepla.cat\/wp-content\/uploads\/2021\/06\/Manos-2.jpg?resize=160%2C42&amp;ssl=1 160w\" sizes=\"auto, (max-width: 900px) 100vw, 900px\" \/><\/figure>\r\n\r\n\r\n\r\n<p>Hi ha coses que fan de mal dir, i una d\u2019elles \u00e9s fer-nos ress\u00f2 de la sobtada mort de <br \/>Bernat Cormand i Rif\u00e0, amic molt estimat dels ve\u00efns del Repl\u00e0.<br \/>Fill de Josep M. Cormand, mestre de llengua catalana i de Fina Rif\u00e0, mestra i<br \/>il\u00b7lustradora, va viure els seus primers anys en un pis del barri barcelon\u00ed d&#8217;El Clot, ple<br \/>de germans, de llibres i d&#8217;imatges. I, en plena natura, a la masia d&#8217;El Serrat, que<br \/>compartia amb els seus cosins. Va estudiar Filologia Catalana i va fer un m\u00e0ster en<br \/>Literatura Comparada, va estudiar i viatjar, i va exercir d&#8217;il\u00b7lustrador, editor, escriptor,<br \/>traductor, professor universitari, cr\u00edtic literari i, des de fa pocs anys, director de la<br \/>revista \u201cFaristol\u201d.<br \/>S\u00ed, tot aix\u00f2 pot constar en el seu curr\u00edculum. Per\u00f2 el que no hi consta \u00e9s la seva manera<br \/>de ser i de fer que, justament, \u00e9s el que m\u00e9s trobarem a mancar. Una persona que<br \/>somreia m\u00e9s que no reia, que escoltava m\u00e9s que no parlava, que estimava la seva<br \/>llengua i el seu pa\u00eds no pas de manera excloent sin\u00f3 inclusiva, per compartir-la amb<br \/>tothom, d\u2019aqu\u00ed o de fora. M\u00e9s gener\u00f3s que obert, m\u00e9s comprom\u00e8s que lliure, m\u00e9s<br \/>exigent amb si mateix que amb la resta, m\u00e9s sensible que fatxenda\u2026 Nom\u00e9s cal mirar<br \/>les seves il\u00b7lustracions \u2013for\u00e7a destacades, per \u00faniques, dins el panorama actual de la LIJ<br \/>catalana- per endinsar-se en la seva personalitat subtil, fruit, probablement, de molts<br \/>moments de reflexi\u00f3 silenciosa.<br \/>Ara \u00e9s aquest silenci seu, ja definitiu, el que m\u00e9s ens pesa a tots i totes. Donem-nos les<br \/>mans, amics i ve\u00efns. Com ell ho faria\u2026<\/p>\r\n","protected":false},"excerpt":{"rendered":"<p>Hi ha coses que fan de mal dir, i una d\u2019elles \u00e9s fer-nos ress\u00f2 de la sobtada mort de Bernat Cormand i Rif\u00e0, amic molt estimat dels ve\u00efns del Repl\u00e0.Fill de Josep M. Cormand, mestre de llengua catalana i de Fina Rif\u00e0, mestra iil\u00b7lustradora, va viure els seus primers anys<\/p>\n","protected":false},"author":15,"featured_media":5630,"comment_status":"open","ping_status":"open","sticky":false,"template":"","format":"standard","meta":{"_jetpack_newsletter_access":"","_jetpack_dont_email_post_to_subs":false,"_jetpack_newsletter_tier_id":0,"_jetpack_memberships_contains_paywalled_content":false,"_jetpack_memberships_contains_paid_content":false,"footnotes":"","jetpack_publicize_message":"","jetpack_publicize_feature_enabled":true,"jetpack_social_post_already_shared":true,"jetpack_social_options":{"image_generator_settings":{"template":"highway","default_image_id":0,"font":"","enabled":false},"version":2},"jetpack_post_was_ever_published":false},"categories":[74],"tags":[],"class_list":["post-5629","post","type-post","status-publish","format-standard","has-post-thumbnail","hentry","category-porteria"],"jetpack_publicize_connections":[],"jetpack_featured_media_url":"https:\/\/i0.wp.com\/llibresalrepla.cat\/wp-content\/uploads\/2021\/06\/Manos-2.jpg?fit=1140%2C300&ssl=1","jetpack_sharing_enabled":true,"jetpack_shortlink":"https:\/\/wp.me\/p983NL-1sN","_links":{"self":[{"href":"https:\/\/llibresalrepla.cat\/index.php?rest_route=\/wp\/v2\/posts\/5629","targetHints":{"allow":["GET"]}}],"collection":[{"href":"https:\/\/llibresalrepla.cat\/index.php?rest_route=\/wp\/v2\/posts"}],"about":[{"href":"https:\/\/llibresalrepla.cat\/index.php?rest_route=\/wp\/v2\/types\/post"}],"author":[{"embeddable":true,"href":"https:\/\/llibresalrepla.cat\/index.php?rest_route=\/wp\/v2\/users\/15"}],"replies":[{"embeddable":true,"href":"https:\/\/llibresalrepla.cat\/index.php?rest_route=%2Fwp%2Fv2%2Fcomments&post=5629"}],"version-history":[{"count":3,"href":"https:\/\/llibresalrepla.cat\/index.php?rest_route=\/wp\/v2\/posts\/5629\/revisions"}],"predecessor-version":[{"id":5898,"href":"https:\/\/llibresalrepla.cat\/index.php?rest_route=\/wp\/v2\/posts\/5629\/revisions\/5898"}],"wp:featuredmedia":[{"embeddable":true,"href":"https:\/\/llibresalrepla.cat\/index.php?rest_route=\/wp\/v2\/media\/5630"}],"wp:attachment":[{"href":"https:\/\/llibresalrepla.cat\/index.php?rest_route=%2Fwp%2Fv2%2Fmedia&parent=5629"}],"wp:term":[{"taxonomy":"category","embeddable":true,"href":"https:\/\/llibresalrepla.cat\/index.php?rest_route=%2Fwp%2Fv2%2Fcategories&post=5629"},{"taxonomy":"post_tag","embeddable":true,"href":"https:\/\/llibresalrepla.cat\/index.php?rest_route=%2Fwp%2Fv2%2Ftags&post=5629"}],"curies":[{"name":"wp","href":"https:\/\/api.w.org\/{rel}","templated":true}]}}