{"id":5469,"date":"2021-05-03T20:30:26","date_gmt":"2021-05-03T20:30:26","guid":{"rendered":"https:\/\/llibresalrepla.cat\/?p=5469"},"modified":"2021-05-03T20:35:18","modified_gmt":"2021-05-03T20:35:18","slug":"tres-animals-fastigosos","status":"publish","type":"post","link":"https:\/\/llibresalrepla.cat\/?p=5469","title":{"rendered":"Tres animals fastigosos"},"content":{"rendered":"\n<div class=\"wp-block-image\"><figure class=\"alignright size-large is-resized\"><img data-recalc-dims=\"1\" loading=\"lazy\" decoding=\"async\" src=\"https:\/\/i0.wp.com\/llibresalrepla.cat\/wp-content\/uploads\/2021\/05\/bitxopica.jpeg?resize=225%2C301&#038;ssl=1\" alt=\"\" class=\"wp-image-5470\" width=\"225\" height=\"301\" srcset=\"https:\/\/i0.wp.com\/llibresalrepla.cat\/wp-content\/uploads\/2021\/05\/bitxopica.jpeg?w=282&amp;ssl=1 282w, https:\/\/i0.wp.com\/llibresalrepla.cat\/wp-content\/uploads\/2021\/05\/bitxopica.jpeg?resize=260%2C347&amp;ssl=1 260w, https:\/\/i0.wp.com\/llibresalrepla.cat\/wp-content\/uploads\/2021\/05\/bitxopica.jpeg?resize=160%2C213&amp;ssl=1 160w\" sizes=\"auto, (max-width: 225px) 100vw, 225px\" \/><\/figure><\/div>\n\n\n\n<p>Diuen els experts que el ratol\u00ed i l\u2019\u00f3s son els animals m\u00e9s representats en la literatura infantil (amb perm\u00eds de la guineu!). Tots dos, no ens enganyem, s\u00f3n poc agradosos en la nostra vida quotidiana. &nbsp;No explicar\u00e9 ara qu\u00e8 faig si trobo un ratol\u00ed a casa meva. I D\u00e9u me\u2019n guardi de trobar-me un \u00f3s en un passeig pel bosc. Tanmateix s\u00f3c una fan de l\u2019\u00c0lex el ratol\u00ed, de Frederick, de <em>Les hist\u00f2ries de ratolins<\/em>, de l\u2019entremaliad\u00edssim Jerry, de la&nbsp;rata Marieta, &nbsp;de la Rateta que escombrava l\u2019escaleta, del Ratoncito P\u00e9rez&#8230; Entre els meus \u00f3ssos predilectes hi ha la fam\u00edlia <em>de Jana i els tres \u00f3ssos,<\/em> &nbsp;Winnie the Poo, de l\u2019os Yogi i el meravell\u00f3s Bubu; del simp\u00e0tic Paddington; el Baloo de <em>Llibre de la selva<\/em>, o l\u2019entranyable protagonista de <em>Per\u00f2&nbsp; jo s\u00f3c un \u00f3s\u2026.<\/em><\/p>\n\n\n\n<p>Que curiosa aquesta transformaci\u00f3: animals declaradament temibles &nbsp;-per una o altra ra\u00f3- esdevinguin tendres i amorosos en la literatura o el cinema. Aix\u00f2 em va dur a pensar en animals que, tradicionalment no han tingut tant \u00e8xit literari. Ni tampoc en el m\u00f3n real: a ning\u00fa li agraden massa cert tipus d\u2019insectes, que poden denotar brut\u00edcia, o descuran\u00e7a. I he vist a amants d\u2019animals fugir espantats quan troben segons quin bitxo a la finestra, o pel terra del bany&#8230; o en el cap del seu fill.<\/p>\n\n\n\n<p>Aix\u00ed que presentar\u00e9 tres llibres&nbsp; que parlen d\u2019aquests animalons fastigosos. No s\u00f3n cap novetat; tots tres tenen ja anys. Per\u00f2 sempre m\u2019ha agradat parlar de llibres que potser tenim una mica oblidats a les lleixes de les nostres biblioteques i que conv\u00e9, de tant en tant, treure\u2019ls a prendre l\u2019aire.<\/p>\n\n\n\n<div class=\"wp-block-image\"><figure class=\"alignright size-large is-resized\"><img data-recalc-dims=\"1\" loading=\"lazy\" decoding=\"async\" src=\"https:\/\/i0.wp.com\/llibresalrepla.cat\/wp-content\/uploads\/2021\/05\/bitxosofia.jpeg?resize=255%2C206&#038;ssl=1\" alt=\"\" class=\"wp-image-5471\" width=\"255\" height=\"206\" srcset=\"https:\/\/i0.wp.com\/llibresalrepla.cat\/wp-content\/uploads\/2021\/05\/bitxosofia.jpeg?w=500&amp;ssl=1 500w, https:\/\/i0.wp.com\/llibresalrepla.cat\/wp-content\/uploads\/2021\/05\/bitxosofia.jpeg?resize=260%2C210&amp;ssl=1 260w, https:\/\/i0.wp.com\/llibresalrepla.cat\/wp-content\/uploads\/2021\/05\/bitxosofia.jpeg?resize=160%2C129&amp;ssl=1 160w\" sizes=\"auto, (max-width: 255px) 100vw, 255px\" \/><\/figure><\/div>\n\n\n\n<ol class=\"wp-block-list\" type=\"1\"><li><strong>Aranyes<\/strong>. <em>La obra maestra de Sof\u00eda<\/em> (d\u2019Eileen Spinelli; il\u00b7lustr. Jane Dyer; Barcelona: Serres, 2001) ens explica la hist\u00f2ria d\u2019una aranya artista, Sof\u00eda, &nbsp;que decideix teixir les seves meravelloses teles, iguals a puntes de coix\u00ed, &nbsp;en una casa &nbsp;on no \u00e9s precisament ben rebuda. Eeeeeecsss, quin f\u00e0stic! diuen tots quan la veuen. Tot sembla perdut, quan descobreix una noia que no para de fer punt de mitja preparant l\u2019aixovar d\u2019una criatura que ha de n\u00e9ixer. Sof\u00eda far\u00e0 al beb\u00e8 la manta m\u00e9s meravellosa que cap nad\u00f3 hagi tingut mai. Le il\u00b7lustracions i el color, delicad\u00edssims, com les meravelloses teles que crea la Sof\u00eda.<\/li><\/ol>\n\n\n\n<div class=\"wp-block-image\"><figure class=\"alignleft size-large is-resized\"><img data-recalc-dims=\"1\" loading=\"lazy\" decoding=\"async\" src=\"https:\/\/i0.wp.com\/llibresalrepla.cat\/wp-content\/uploads\/2021\/05\/bitxorasca.jpg?resize=205%2C226&#038;ssl=1\" alt=\"\" class=\"wp-image-5473\" width=\"205\" height=\"226\" srcset=\"https:\/\/i0.wp.com\/llibresalrepla.cat\/wp-content\/uploads\/2021\/05\/bitxorasca.jpg?w=260&amp;ssl=1 260w, https:\/\/i0.wp.com\/llibresalrepla.cat\/wp-content\/uploads\/2021\/05\/bitxorasca.jpg?resize=160%2C177&amp;ssl=1 160w\" sizes=\"auto, (max-width: 205px) 100vw, 205px\" \/><\/figure><\/div>\n\n\n\n<p>2. <strong>Polls.<\/strong> &nbsp;S\u00ed, ja sabem que \u201c<em>El poll i la pu\u00e7a es volen casar<\/em>\u201d&#8230;.Per\u00f2 qui no ha patit aquesta plaga en els cabells dels seus fills&#8230;i fins i tot en el propi cap? Quantes vegades no hem rebut la nota de l\u2019escola avisant de la pres\u00e8ncia a d\u2019aquests convidats indesitjats? <em>Pica, rasca<\/em> (de Miriam Moss; il\u00b7lustr. de Delphine Durand. Barcelona: Serres, 2001) desenvolupa aquest tema amb&nbsp; tant sentit de l\u2019humor com realisme.&nbsp; Els polls s\u00f3n un aut\u00e8ntic problema, i aqu\u00ed no valen els sentiments animalistes mal entesos.&nbsp; Cal ser conscients de la immensa capacitat de transmissi\u00f3 d\u2019aquests bitxos i la manera d\u2019erradicar-los. Tant el text com les il\u00b7lustracions recolzen aquest tarann\u00e0 de tractar un tema seri\u00f3s amb unes notes de bon humor.<\/p>\n\n\n\n<p><\/p>\n\n\n\n<div class=\"wp-block-image\"><figure class=\"alignright size-large is-resized\"><img data-recalc-dims=\"1\" loading=\"lazy\" decoding=\"async\" src=\"https:\/\/i0.wp.com\/llibresalrepla.cat\/wp-content\/uploads\/2021\/05\/bitxonin%CC%83o.jpeg?resize=228%2C187&#038;ssl=1\" alt=\"\" class=\"wp-image-5472\" width=\"228\" height=\"187\" srcset=\"https:\/\/i0.wp.com\/llibresalrepla.cat\/wp-content\/uploads\/2021\/05\/bitxonin%CC%83o.jpeg?w=1796&amp;ssl=1 1796w, https:\/\/i0.wp.com\/llibresalrepla.cat\/wp-content\/uploads\/2021\/05\/bitxonin%CC%83o.jpeg?resize=500%2C411&amp;ssl=1 500w, https:\/\/i0.wp.com\/llibresalrepla.cat\/wp-content\/uploads\/2021\/05\/bitxonin%CC%83o.jpeg?resize=768%2C631&amp;ssl=1 768w, https:\/\/i0.wp.com\/llibresalrepla.cat\/wp-content\/uploads\/2021\/05\/bitxonin%CC%83o.jpeg?resize=1536%2C1262&amp;ssl=1 1536w, https:\/\/i0.wp.com\/llibresalrepla.cat\/wp-content\/uploads\/2021\/05\/bitxonin%CC%83o.jpeg?resize=560%2C460&amp;ssl=1 560w, https:\/\/i0.wp.com\/llibresalrepla.cat\/wp-content\/uploads\/2021\/05\/bitxonin%CC%83o.jpeg?resize=260%2C214&amp;ssl=1 260w, https:\/\/i0.wp.com\/llibresalrepla.cat\/wp-content\/uploads\/2021\/05\/bitxonin%CC%83o.jpeg?resize=160%2C131&amp;ssl=1 160w\" sizes=\"auto, (max-width: 228px) 100vw, 228px\" \/><\/figure><\/div>\n\n\n\n<p>3. <strong>Escarabats.<\/strong> A part de l\u2019escarabat bum-bum, que tots vam estimar de petits, o dels escarabats sagrats de les llegendes eg\u00edpcies , aquest insecte \u00e9s un dels que fan m\u00e9s ang\u00fania. No en va, el turmentat escriptor Franz Kafka el va triar com a animal en qu\u00e8 es converteix el malaurat Gregori Samsa \u201c<em>despr\u00e9s d\u2019una nit de somnis inquiets<\/em>\u201d. <em>El ni\u00f1o escarabajo<\/em> (de Lawrence David; il\u00b7lustr. Delphine Durand. Barcelona: Obelisco, 2000) reconverteix la hist\u00f2ria de Kafka en la d\u2019un nen que se sent menystingut a casa i a l\u2019escola. Tant menystingut que la gent ni se n\u2019adona, de la seva transformaci\u00f3&#8230; excepte el seu bon amic Miguel. Aventures, desventures i un final m\u00e9s feli\u00e7 que el del protagonista de Kafka. Molt bona coher\u00e8ncia entre el text i les il\u00b7lustracions, que ens fan reviure gr\u00e0ficament el drama del nen Gregorio Sampson.<\/p>\n\n\n\n<p>Bravo per aquests tres animals fastigosos que ens han donat tres llibres espl\u00e8ndids!<\/p>\n\n\n","protected":false},"excerpt":{"rendered":"<p>Diuen els experts que el ratol\u00ed i l\u2019\u00f3s son els animals m\u00e9s representats en la literatura infantil (amb perm\u00eds de la guineu!). Tots dos, no ens enganyem, s\u00f3n poc agradosos en la nostra vida quotidiana. &nbsp;No explicar\u00e9 ara qu\u00e8 faig si trobo un ratol\u00ed a casa meva. I D\u00e9u me\u2019n<\/p>\n","protected":false},"author":18,"featured_media":5474,"comment_status":"open","ping_status":"open","sticky":false,"template":"","format":"standard","meta":{"_jetpack_newsletter_access":"","_jetpack_dont_email_post_to_subs":false,"_jetpack_newsletter_tier_id":0,"_jetpack_memberships_contains_paywalled_content":false,"_jetpack_memberships_contains_paid_content":false,"footnotes":"","jetpack_publicize_message":"","jetpack_publicize_feature_enabled":true,"jetpack_social_post_already_shared":true,"jetpack_social_options":{"image_generator_settings":{"template":"highway","default_image_id":0,"font":"","enabled":false},"version":2},"jetpack_post_was_ever_published":false},"categories":[48],"tags":[590,589,582,588],"class_list":["post-5469","post","type-post","status-publish","format-standard","has-post-thumbnail","hentry","category-2n-1a","tag-aranyes","tag-escarabats","tag-llibres-danimals","tag-polls"],"jetpack_publicize_connections":[],"jetpack_featured_media_url":"https:\/\/i0.wp.com\/llibresalrepla.cat\/wp-content\/uploads\/2021\/05\/bitxoescarabat.jpeg?fit=566%2C450&ssl=1","jetpack_sharing_enabled":true,"jetpack_shortlink":"https:\/\/wp.me\/p983NL-1qd","_links":{"self":[{"href":"https:\/\/llibresalrepla.cat\/index.php?rest_route=\/wp\/v2\/posts\/5469","targetHints":{"allow":["GET"]}}],"collection":[{"href":"https:\/\/llibresalrepla.cat\/index.php?rest_route=\/wp\/v2\/posts"}],"about":[{"href":"https:\/\/llibresalrepla.cat\/index.php?rest_route=\/wp\/v2\/types\/post"}],"author":[{"embeddable":true,"href":"https:\/\/llibresalrepla.cat\/index.php?rest_route=\/wp\/v2\/users\/18"}],"replies":[{"embeddable":true,"href":"https:\/\/llibresalrepla.cat\/index.php?rest_route=%2Fwp%2Fv2%2Fcomments&post=5469"}],"version-history":[{"count":3,"href":"https:\/\/llibresalrepla.cat\/index.php?rest_route=\/wp\/v2\/posts\/5469\/revisions"}],"predecessor-version":[{"id":5482,"href":"https:\/\/llibresalrepla.cat\/index.php?rest_route=\/wp\/v2\/posts\/5469\/revisions\/5482"}],"wp:featuredmedia":[{"embeddable":true,"href":"https:\/\/llibresalrepla.cat\/index.php?rest_route=\/wp\/v2\/media\/5474"}],"wp:attachment":[{"href":"https:\/\/llibresalrepla.cat\/index.php?rest_route=%2Fwp%2Fv2%2Fmedia&parent=5469"}],"wp:term":[{"taxonomy":"category","embeddable":true,"href":"https:\/\/llibresalrepla.cat\/index.php?rest_route=%2Fwp%2Fv2%2Fcategories&post=5469"},{"taxonomy":"post_tag","embeddable":true,"href":"https:\/\/llibresalrepla.cat\/index.php?rest_route=%2Fwp%2Fv2%2Ftags&post=5469"}],"curies":[{"name":"wp","href":"https:\/\/api.w.org\/{rel}","templated":true}]}}