{"id":536,"date":"2016-02-26T08:42:00","date_gmt":"2016-02-26T08:42:00","guid":{"rendered":"http:\/\/llibresalrepla.cat\/?p=536"},"modified":"2017-09-02T07:03:59","modified_gmt":"2017-09-02T07:03:59","slug":"a-tenir-en-compte-2","status":"publish","type":"post","link":"https:\/\/llibresalrepla.cat\/?p=536","title":{"rendered":"A tenir en compte!"},"content":{"rendered":"<table align=\"center\" cellpadding=\"0\" cellspacing=\"0\" class=\"tr-caption-container\" style=\"margin-left: auto; margin-right: auto; text-align: center;\">\n<tbody>\n<tr>\n<td style=\"text-align: center;\"><a href=\"https:\/\/i0.wp.com\/1.bp.blogspot.com\/-XKn2n5rBEQ0\/Vs6tz1ExfRI\/AAAAAAAABio\/og8bKbdajTM\/s1600\/Presentaci%25C3%25B3%2BI.jpg?ssl=1\" imageanchor=\"1\" style=\"margin-left: auto; margin-right: auto;\"><img data-recalc-dims=\"1\" loading=\"lazy\" decoding=\"async\" border=\"0\" height=\"384\" src=\"https:\/\/i0.wp.com\/llibresalrepla.cat\/wp-content\/uploads\/2016\/02\/PresentaciC3B3I.jpg?resize=640%2C384\" width=\"640\" \/><\/a><\/td>\n<\/tr>\n<tr>\n<td class=\"tr-caption\" style=\"text-align: center;\">D&#8217;esquerra a dreta: Neus Real, Daniel Cassany i Mireia Manresa&nbsp;<\/td>\n<\/tr>\n<\/tbody>\n<\/table>\n<div style=\"text-align: justify;\">\n<table cellpadding=\"0\" cellspacing=\"0\" class=\"tr-caption-container\" style=\"float: left; margin-right: 1em; text-align: left;\">\n<tbody>\n<tr>\n<td style=\"text-align: center;\"><a href=\"https:\/\/i0.wp.com\/4.bp.blogspot.com\/-cJylNkdMzMk\/Vs6uLl9AwZI\/AAAAAAAABis\/WP648P5Eias\/s1600\/Presentaci%25C3%25B3%2BII.jpeg?ssl=1\" imageanchor=\"1\" style=\"clear: left; margin-bottom: 1em; margin-left: auto; margin-right: auto;\"><img data-recalc-dims=\"1\" loading=\"lazy\" decoding=\"async\" border=\"0\" height=\"320\" src=\"https:\/\/i0.wp.com\/llibresalrepla.cat\/wp-content\/uploads\/2016\/02\/PresentaciC3B3II.jpeg?resize=214%2C320\" width=\"214\" \/><\/a><\/td>\n<\/tr>\n<tr>\n<td class=\"tr-caption\" style=\"text-align: center;\">Dibuix de coberta d&#8217;Arnal Ballester<\/td>\n<\/tr>\n<\/tbody>\n<\/table>\n<p>El passat dimecres dia 24 de febrer va tenir lloc, en el marc de la llibreria barcelonina Laie, la presentaci\u00f3 del llibre <i>Digital Literature for Children<\/i> (Brusseles: <a href=\"http:\/\/www.peterlang.com\/index.cfm?event=cmp.ccc.seitenstruktur.detailseiten&amp;seitentyp=produkt&amp;pk=90677&amp;concordeid=574272\">P.I.E. Peter Lang<\/a>, 2015). El llibre recull els dos eixos principals sobre els que treballa el grup <a href=\"http:\/\/www.gretel.cat\/\">GRETEL<\/a>&nbsp;de la Universitat Aut\u00f2noma de Barcelona: la literatura infantil i juvenil i l&#8217;educaci\u00f3 liter\u00e0ria.&nbsp;<\/div>\n<div style=\"text-align: justify;\">\nEl volum posa a disposici\u00f3 de tothom les recerques efectuades pel grup des de 2012 fins a 2015 a l&#8217;entorn de la literatura digital per a infants i joves, feina recollida per les doctores Mireia Manresa i Neus Real. En total m\u00e9s d&#8217;una desena d&#8217;articles de car\u00e0cter divers. La tasca, no sempre f\u00e0cil, posa negre sobre blanc un seguit d&#8217;estudis, alguns d&#8217;ells basats en interessants observacions de l&#8217;\u00fas de la literatura digital a l&#8217;aula i a casa, que permeten fer-se una bona perspectiva del passat i present d&#8217;aquesta literatura, i intuir el seu futur. En la presentaci\u00f3 ambdues editores del document van remarcar la necessitat que l&#8217;escola es plantegi d&#8217;una vegada per totes com, quan i on comen\u00e7ar a fer did\u00e0ctica i orientaci\u00f3 de la e-lij, una necessitat urgent ja que la digital ha vingut per quedar-se.&nbsp;<\/div>\n<div style=\"text-align: justify;\">\nConscients d&#8217;aquesta mancan\u00e7a, per\u00f2, GRETEL des de fa alguns anys ja posa a disposici\u00f3 de tots els usuaris una selecci\u00f3 de <a href=\"http:\/\/www.literatura.gretel.cat\/recomanacions-digitals\">llibres electr\u00f2nics per a infants i joves<\/a>, espai&nbsp;que, coordinat pel Lucas Ramada, ens permet estar al dia de les obres de qualitat que s&#8217;editen en aquest format. Una tasca que t\u00e9 continu\u00eftat per part de les dues investigadores de l&#8217;equip de la UAB, la Neus Real i Cristina Correro, a la revista Faristol del ClijCAT, com la recent publicaci\u00f3 <a href=\"http:\/\/faristol%20del%20clijcat\/\">Un m\u00f3n de poesia<\/a> que posa l&#8217;obra de la poetessa Joana Raspall a l&#8217;abast de tothom.&nbsp;<\/div>\n<div style=\"text-align: justify;\">\nCom deia la meva mare, que per molts anys pugueu fer aitals bones obres!&nbsp;<\/div>\n<div style=\"text-align: justify;\">\nL&#8217;edici\u00f3 \u00e9s en angl\u00e8s i \u00e9s per aix\u00f2 que preguntem: per quan en catal\u00e0?&nbsp;<\/div>\n","protected":false},"excerpt":{"rendered":"<p>D&#8217;esquerra a dreta: Neus Real, Daniel Cassany i Mireia Manresa&nbsp; Dibuix de coberta d&#8217;Arnal Ballester El passat dimecres dia 24 de febrer va tenir lloc, en el marc de la llibreria barcelonina Laie, la presentaci\u00f3 del llibre Digital Literature for Children (Brusseles: P.I.E. Peter Lang, 2015). El llibre recull els<\/p>\n","protected":false},"author":12,"featured_media":1241,"comment_status":"open","ping_status":"open","sticky":false,"template":"","format":"standard","meta":{"_jetpack_newsletter_access":"","_jetpack_dont_email_post_to_subs":false,"_jetpack_newsletter_tier_id":0,"_jetpack_memberships_contains_paywalled_content":false,"_jetpack_memberships_contains_paid_content":false,"footnotes":"","jetpack_publicize_message":"","jetpack_publicize_feature_enabled":true,"jetpack_social_post_already_shared":true,"jetpack_social_options":{"image_generator_settings":{"template":"highway","default_image_id":0,"font":"","enabled":false},"version":2},"jetpack_post_was_ever_published":false},"categories":[6,74],"tags":[57],"class_list":["post-536","post","type-post","status-publish","format-standard","has-post-thumbnail","hentry","category-2n-2a","category-porteria","tag-noticies"],"jetpack_publicize_connections":[],"jetpack_featured_media_url":"https:\/\/i0.wp.com\/llibresalrepla.cat\/wp-content\/uploads\/2016\/02\/PresentaciC3B3I.jpg?fit=640%2C384&ssl=1","jetpack_sharing_enabled":true,"jetpack_shortlink":"https:\/\/wp.me\/p983NL-8E","_links":{"self":[{"href":"https:\/\/llibresalrepla.cat\/index.php?rest_route=\/wp\/v2\/posts\/536","targetHints":{"allow":["GET"]}}],"collection":[{"href":"https:\/\/llibresalrepla.cat\/index.php?rest_route=\/wp\/v2\/posts"}],"about":[{"href":"https:\/\/llibresalrepla.cat\/index.php?rest_route=\/wp\/v2\/types\/post"}],"author":[{"embeddable":true,"href":"https:\/\/llibresalrepla.cat\/index.php?rest_route=\/wp\/v2\/users\/12"}],"replies":[{"embeddable":true,"href":"https:\/\/llibresalrepla.cat\/index.php?rest_route=%2Fwp%2Fv2%2Fcomments&post=536"}],"version-history":[{"count":1,"href":"https:\/\/llibresalrepla.cat\/index.php?rest_route=\/wp\/v2\/posts\/536\/revisions"}],"predecessor-version":[{"id":1243,"href":"https:\/\/llibresalrepla.cat\/index.php?rest_route=\/wp\/v2\/posts\/536\/revisions\/1243"}],"wp:featuredmedia":[{"embeddable":true,"href":"https:\/\/llibresalrepla.cat\/index.php?rest_route=\/wp\/v2\/media\/1241"}],"wp:attachment":[{"href":"https:\/\/llibresalrepla.cat\/index.php?rest_route=%2Fwp%2Fv2%2Fmedia&parent=536"}],"wp:term":[{"taxonomy":"category","embeddable":true,"href":"https:\/\/llibresalrepla.cat\/index.php?rest_route=%2Fwp%2Fv2%2Fcategories&post=536"},{"taxonomy":"post_tag","embeddable":true,"href":"https:\/\/llibresalrepla.cat\/index.php?rest_route=%2Fwp%2Fv2%2Ftags&post=536"}],"curies":[{"name":"wp","href":"https:\/\/api.w.org\/{rel}","templated":true}]}}