{"id":535,"date":"2016-03-03T00:27:00","date_gmt":"2016-03-03T00:27:00","guid":{"rendered":"http:\/\/llibresalrepla.cat\/?p=535"},"modified":"2017-08-31T09:29:53","modified_gmt":"2017-08-31T09:29:53","slug":"carme-faro-lentusiasme-duna-caputxeta","status":"publish","type":"post","link":"https:\/\/llibresalrepla.cat\/?p=535","title":{"rendered":"Carme Faro, l\u2019entusiasme d\u2019una Caputxeta mestra!"},"content":{"rendered":"<p><a href=\"https:\/\/i0.wp.com\/4.bp.blogspot.com\/-xQe0s3zGJ8s\/Vtd30SEXlxI\/AAAAAAAABxA\/F6C9ysZ8OxE\/s1600\/DSC_0078.JPG?ssl=1\" imageanchor=\"1\" style=\"clear: right; float: right; margin-bottom: 1em; margin-left: 1em;\"><img data-recalc-dims=\"1\" loading=\"lazy\" decoding=\"async\" border=\"0\" height=\"320\" src=\"https:\/\/i0.wp.com\/llibresalrepla.cat\/wp-content\/uploads\/2016\/03\/DSC_0078.jpg?resize=212%2C320\" width=\"212\" \/><\/a>A vegades trobes persones que et sorprenen pel seu car\u00e0cter entusiasta: gent positiva que ha dedicat la seva vida a facilitar i fer m\u00e9s agradable la dels altres. Aix\u00f2 m\u2019ha passat aquesta darrera setmana. Qui m\u2019havia de dir que coneixeria de m\u00e9s prop la Carme Faro! La Carme estima els contes i es dedica a la promoci\u00f3 de la literatura infantil. \u00c9s una persona treballadora i molt generosa que col\u00b7lecciona llibres, objectes, joguines, vestits i tot all\u00f2 que tingui a veure amb el conte cl\u00e0ssic de la Caputxeta vermella.<\/p>\n<p>Fa molt de temps, me\u2019n va parlar la il\u00b7lustradora Maria Tarrag\u00f3. La Carme era la mestra de la seva filla i l&#8217;encarregada de la biblioteca de l\u2019escola La Concepci\u00f3 de Barcelona. Finalment vaig tenir la sort de coincidir amb ella en un parell de presentacions de llibres i gaudir de la seva conversa agradable i del seu tarann\u00e0 afable.<\/p>\n<p>Dijous passat, acompanyat per la Maria Tarrag\u00f3, vaig anar a visitar la Carme per con\u00e8ixer de m\u00e9s a prop tot el seu m\u00f3n i descobrir aquesta passi\u00f3 per la Caputxeta, un conte que ens ha fet sentir a tots estima per la protagonista, per\u00f2 tamb\u00e9 una mica de por i una certa incomprensi\u00f3 envers una mare que envia la seva filleta a visitar l\u2019\u00e0via carregada amb un cistellet que emana olor de past\u00eds acabat de fer, i la obliga a travessar un bosc on hi ha un llop&#8230;<\/p>\n<p>La primera sorpresa va ser trobar-nos amb la Carme al segon pis de la Parr\u00f2quia de Sant Eugeni de Barcelona. La segona, descobrir la col\u00b7lecci\u00f3 de llibres de la Caputxeta vermella m\u00e9s variada i m\u00e9s gran que mai m\u2019hagu\u00e9s pogut imaginar.<\/p>\n<div class=\"separator\" style=\"clear: both; text-align: center;\">\n<a href=\"https:\/\/i0.wp.com\/4.bp.blogspot.com\/-rGuhHsorWzc\/Vtd4kfuskLI\/AAAAAAAABzA\/hUA0DrfdW7w\/s1600\/DSC_0041.JPG?ssl=1\" imageanchor=\"1\" style=\"clear: left; float: left; margin-bottom: 1em; margin-right: 1em;\"><img data-recalc-dims=\"1\" loading=\"lazy\" decoding=\"async\" border=\"0\" height=\"212\" src=\"https:\/\/i0.wp.com\/llibresalrepla.cat\/wp-content\/uploads\/2016\/03\/DSC_0041.jpg?resize=320%2C212\" width=\"320\" \/><\/a><\/div>\n<p>La Carme ens esperava amb l\u2019Alba Vilar\u00f3, una jove que l\u2019ajuda en les activitats de promoci\u00f3 de l\u2019h\u00e0bit lector. Conjuntament amb l\u2019Alba i el Jos\u00e9 S\u00e1ez, es dedica a fer xerrades, organitzar exposicions tem\u00e0tiques, proposar tallers a les escoles, i tamb\u00e9 participa a l\u2019Escola d\u2019estiu de la Universitat Ramon Llull, a Blanquerna. El treball d\u2019aquest equip es pot seguir al bloc <a href=\"http:\/\/fardecontes.blogspot.com.es\/\">Un far de contes<\/a>.<\/p>\n<p>La Carme Faro ens havia preparat dues mostres de llibres de diverses etapes de la seva vida, edicions del cl\u00e0ssic editats a pa\u00efsos diferents i centenars d\u2019objectes amb il\u00b7lustracions dels personatges de la Caputxeta, i ens va convidar a esmorzar mentre ens explicava amb entusiasme i una mirada molt viva (la Carme t\u00e9 uns ulls molt bonics i expressius i quan parla dels seus llibres s\u2019emociona i li brillen m\u00e9s encara), la seva tasca per diverses escoles de Barcelona, a la mateixa parr\u00f2quia, al seu barri i a diverses escoles d\u2019estiu per a bibliotecaris i mestres.<\/p>\n<p><a href=\"https:\/\/i0.wp.com\/1.bp.blogspot.com\/-h5vz2nNKBOE\/Vtd35B8sPMI\/AAAAAAAABy4\/kpS3C-L1jgg\/s1600\/DSC_0160.JPG?ssl=1\" imageanchor=\"1\" style=\"clear: right; float: right; margin-bottom: 1em; margin-left: 1em;\"><img data-recalc-dims=\"1\" loading=\"lazy\" decoding=\"async\" border=\"0\" height=\"212\" src=\"https:\/\/i0.wp.com\/llibresalrepla.cat\/wp-content\/uploads\/2016\/03\/DSC_0160.jpg?resize=320%2C212\" width=\"320\" \/><\/a><br \/>\nDamunt d\u2019una taula de grans dimensions vam poder gaudir de la seva col\u00b7lecci\u00f3: propostes molt diverses entorn al cl\u00e0ssic transcrit per Perrault i pels germans Grimm. Hi havia edicions alternatives, m\u00e9s arriscades gr\u00e0ficament, i tamb\u00e9 edicions noves amb diferents aproximacions i interpretacions del conte cl\u00e0ssic.<\/p>\n<p>Hi vam trobar, per exemple, la caputxeta il\u00b7lustrada per <a href=\"http:\/\/www.imaginaria.com.ar\/2008\/05\/roberto-innocenti\/\">Roberto Innocenti<\/a> amb text d\u2019Aaron Frish, <i>La ni\u00f1a de rojo<\/i>, on presenten una caputxeta urbana que viu en una gran ciutat similar a Nova York, editada en castell\u00e0 per Kalandraka; <i>Una caperucita roja<\/i> de <a href=\"http:\/\/marjolaineleray.com\/en\/portfolio\/un-petit-chaperon-rouge\/\">Marjolaine Leray<\/a>, editat per Oceano Travesia, una proposta fresca i en\u00e8rgica de la il\u00b7lustradora amb una protagonista valenta i que pren decisions; o <i>Caperucita roja,<\/i> la versi\u00f3 muda i plena de simbolisme amb el llop com a actor principal, il\u00b7lustrada per <a href=\"http:\/\/adolfoserra.blogspot.com.es\/\">Adolfo Serra<\/a> i editada per Narval. <\/p>\n<div class=\"separator\" style=\"clear: both; text-align: center;\">\n<a href=\"https:\/\/i0.wp.com\/1.bp.blogspot.com\/-Wvp8nVQrKV0\/Vtd3zVIFNrI\/AAAAAAAAByU\/DWU_3Htcgg8\/s1600\/DSC_0055.JPG?ssl=1\" imageanchor=\"1\" style=\"clear: left; float: left; margin-bottom: 1em; margin-right: 1em;\"><img data-recalc-dims=\"1\" loading=\"lazy\" decoding=\"async\" border=\"0\" height=\"212\" src=\"https:\/\/i0.wp.com\/llibresalrepla.cat\/wp-content\/uploads\/2016\/03\/DSC_0055.jpg?resize=320%2C212\" width=\"320\" \/><\/a><\/div>\n<p>Vam desplegar el magn\u00edfic <i>Le petit Chaperon Rouge<\/i>, leporello amb il\u00b7lustracions troquelades de <a href=\"http:\/\/clementine.ultra-book.com\/\">Clementine Sourdais<\/a>, editat per H\u00e9lium, i vam fullejar <i>la Caperucita roja<\/i> <i>y lo que sucedi\u00f3 en el vientre del lobo<\/i> amb il\u00b7lustracions de <a href=\"http:\/\/www.francoisamoretti.com\/book\/le-petit-chaperon-rouge-et-ce-quil-advint-dans-la-gueule-du-loup\/\">Fran\u00e7ois Amoretti<\/a> i text de Audrey Alwett, editat per  Jaguar Ilustrados i amb el text en castell\u00e0 i en japon\u00e8s que presenta una mirada m\u00e9s propera al c\u00f2mic i amb un estil que ens recorda al c\u00f2mic manga. <\/p>\n<p>El llibre <i>Gola de Llop<\/i> de <a href=\"http:\/\/latormentaenunvaso.blogspot.com.es\/2006\/05\/boca-de-lobo-fabin-negrn_12.html\">Fabi\u00e1n Negrin<\/a> editat per Thule, i l\u2019edici\u00f3 de N\u00f3rdica libros amb tres versions del conte, la d\u2019en Perrault, la dels germans Grimm i la de Ludwig Tieck, i il\u00b7lustrat per dibuixants tan diferents com Noem\u00ed Villamuza, Elena Odriozola, Ana Juan, Javier Zabala, Lu\u00eds Scafatti i Agust\u00edn Comotto entre d\u2019altres. <\/p>\n<div class=\"separator\" style=\"clear: both; text-align: center;\">\n<\/div>\n<p>O <i>Rouge<\/i> de Sophie Sauzay, editat en forma d\u2019acordi\u00f3 per Au Lion Passant, amb molt\u00edssimes p\u00e0gines i sense text. Una petita meravella!<\/p>\n<div class=\"separator\" style=\"clear: both; text-align: center;\">\n<a href=\"https:\/\/i0.wp.com\/1.bp.blogspot.com\/-A8KSJw04pz8\/Vtd33uOF6aI\/AAAAAAAABy4\/XJdH7vXsYxs\/s1600\/DSC_0141.JPG?ssl=1\" imageanchor=\"1\" style=\"clear: right; float: right; margin-bottom: 1em; margin-left: 1em;\"><img data-recalc-dims=\"1\" loading=\"lazy\" decoding=\"async\" border=\"0\" height=\"212\" src=\"https:\/\/i0.wp.com\/llibresalrepla.cat\/wp-content\/uploads\/2016\/03\/DSC_0141.jpg?resize=320%2C212\" width=\"320\" \/><\/a><\/div>\n<p>No puc deixar d\u2019apreciar la versi\u00f3 m\u00e9s experimental de <i>Le petit Chaperon rouge<\/i>, de la il\u00b7lustradora italiana <a href=\"http:\/\/www.chiaracarrer.com\/(X(1)S(0dlfgl55fi1u1555u3nipz45))\/new_horizons.aspx?AspxAutoDetectCookieSupport=1\">Chiara Carrer<\/a>, editat a Fran\u00e7a per La Joie de Lire.<\/p>\n<p>En un rac\u00f3 de la mateixa habitaci\u00f3 hi veiem diversos contes troquelats que ens traslladen als anys 60 i 70. Un sentiment nost\u00e0lgic que s\u2019accentua amb la primera edici\u00f3 d\u2019en Ferr\u00e0ndiz que la Carme guarda des que era petita.<\/p>\n<div class=\"separator\" style=\"clear: both; text-align: center;\">\n<a href=\"https:\/\/i0.wp.com\/1.bp.blogspot.com\/-C8bnyYt3_2E\/Vtd3zwN_h3I\/AAAAAAAAByU\/hZ6qVG3KBjI\/s1600\/DSC_0063.JPG?ssl=1\" imageanchor=\"1\" style=\"clear: left; float: left; margin-bottom: 1em; margin-right: 1em;\"><img data-recalc-dims=\"1\" loading=\"lazy\" decoding=\"async\" border=\"0\" height=\"212\" src=\"https:\/\/i0.wp.com\/llibresalrepla.cat\/wp-content\/uploads\/2016\/03\/DSC_0063.jpg?resize=320%2C212\" width=\"320\" \/><\/a><\/div>\n<p>Quan vam entrar en una altra habitaci\u00f3 ens va mostrar joguines, disfresses, punts de llibre, titelles, teatrets, nines, arracades, calcomanies&#8230; No puc anomenar tots i cadascun dels objectes exposats&#8230; Hi havia llibres antics, com una versi\u00f3 magn\u00edfica dels anys 30 de Walt Disney; una col\u00b7lecci\u00f3 de cromos amb unes il\u00b7lustracions delicad\u00edssimes de la mateixa d\u00e8cada i, sobretot, carpetes plenes de cartells de teatre, presentacions de llibres, i dibuixos de nens i nenes que van deixar testimoni de la seva Caputxeta particular als tallers de creaci\u00f3 impartits per la Carme. <\/p>\n<div class=\"separator\" style=\"clear: both; text-align: center;\">\n<\/div>\n<div class=\"separator\" style=\"clear: both; text-align: center;\">\n<a href=\"https:\/\/i0.wp.com\/1.bp.blogspot.com\/-EKmS5mPgw_U\/Vtd3zISehFI\/AAAAAAAAByU\/Em8EApTZz-c\/s1600\/DSC_0053.JPG?ssl=1\" imageanchor=\"1\" style=\"clear: left; float: left; margin-bottom: 1em; margin-right: 1em;\"><img data-recalc-dims=\"1\" loading=\"lazy\" decoding=\"async\" border=\"0\" height=\"212\" src=\"https:\/\/i0.wp.com\/llibresalrepla.cat\/wp-content\/uploads\/2016\/03\/DSC_0053.jpg?resize=320%2C212\" width=\"320\" \/><\/a><\/div>\n<p>Li vaig preguntar a la Carme d\u2019on li venia aquesta passi\u00f3 per la Caputxeta vermella i em comenta que ja fa molt de temps s\u2019hi va trobar per aquesta necessitat de gaudir de la literatura infantil i, sobretot, pel desig de fer-la arribar al p\u00fablic infantil. Va comen\u00e7ar, per\u00f2, des de petita, gaireb\u00e9 sense adonar-se\u2019n. En tenia unes quantes versions i poc a poc,  la col\u00b7lecci\u00f3  de la Caputxeta va anar creixent a mida que anava coneixent les diferents edicions que sortien i amb l\u2019inter\u00e8s per trobar noves propostes il\u00b7lustrades amb registres gr\u00e0fics ben oposats. La seva passi\u00f3 pels contes dels germans Grimm, m\u2019explica,  li va venir quan era molt joveneta, per la pel\u00b7l\u00edcula El fabuloso mundo de los hermanos Grimm, de l\u2019any 1962 i dirigida per Henry Levin i George Pal.<br \/>\n<a href=\"https:\/\/i0.wp.com\/3.bp.blogspot.com\/-DzlWwQu_YqY\/Vtd9Qx0DN4I\/AAAAAAAABzE\/3wjno6wmbHc\/s1600\/El-maravilloso-mundo-de-los-hermanos-Grimm1_cartel.jpg?ssl=1\" imageanchor=\"1\" style=\"clear: right; float: right; margin-bottom: 1em; margin-left: 1em;\"><img data-recalc-dims=\"1\" loading=\"lazy\" decoding=\"async\" border=\"0\" height=\"200\" src=\"https:\/\/i0.wp.com\/llibresalrepla.cat\/wp-content\/uploads\/2016\/03\/El-maravilloso-mundo-de-los-hermanos-Grimm1_cartel.jpg?resize=140%2C200\" width=\"140\" \/><\/a>Just fa tres anys va fer l\u2019itinerari dels germans Grimm per Alemanya, va visitar Kassel, Hammelin, Hannover, Bremmen, Marlburg, Hanau&#8230; amb el desig de retrobar-se amb els espais on es desenvolupen totes aquestes hist\u00f2ries dels personatges dels seus llibres preferits.<\/p>\n<p>Em va comentar que de fet  ho guarda tot i \u00e9s una gran col\u00b7leccionista. Tamb\u00e9 col\u00b7lecciona pessebres i guarda i col\u00b7lecciona nines de la fam\u00edlia, algunes molt antigues. Quan parla dels llibres, per\u00f2, s\u2019expressa movent els bra\u00e7os i senyalant-me els prestatges amb la il\u00b7lusi\u00f3 de qui t\u00e9 un petit tresor personal. <\/p>\n<div class=\"separator\" style=\"clear: both; text-align: center;\">\n<a href=\"https:\/\/i0.wp.com\/2.bp.blogspot.com\/-PMW-JyAoxhQ\/Vtd34muNwxI\/AAAAAAAABy4\/kM8Gt2-J0Yg\/s1600\/DSC_0151.JPG?ssl=1\" imageanchor=\"1\" style=\"clear: right; float: right; margin-bottom: 1em; margin-left: 1em;\"><img data-recalc-dims=\"1\" loading=\"lazy\" decoding=\"async\" border=\"0\" height=\"212\" src=\"https:\/\/i0.wp.com\/llibresalrepla.cat\/wp-content\/uploads\/2016\/03\/DSC_0151.jpg?resize=320%2C212\" width=\"320\" \/><\/a><\/div>\n<p>T\u00e9 m\u00e9s de tres mil llibres il\u00b7lustrats, distribu\u00efts amb uns vuitanta temes diversos (el Jap\u00f3, petons i abra\u00e7ades, el bosc, flors, els mestres, la lectura, els regals, les fades, la festa major, el m\u00f3n, pa\u00efsos del m\u00f3n, il\u00b7lustradors de moltes tend\u00e8ncies, llegendes populars&#8230;).  <br \/>\nPer\u00f2 el que m\u00e9s li agrada \u00e9s explicar contes als nens. Als seus tallers els ho explica i els hi ensenya a estimar els llibres i a ser m\u00e9s creatius amb suports com la m\u00fasica i el dibuix. <\/p>\n<p>Abans de marxar dono un cop dull a un prestatge on la Carme guarda edicions de la Caputxeta d\u2019altres pa\u00efsos, com ara el Jap\u00f3 o l\u2019\u00cdndia.<\/p>\n<div class=\"separator\" style=\"clear: both; text-align: center;\">\n<a href=\"https:\/\/i0.wp.com\/1.bp.blogspot.com\/-7of573Cu2dc\/Vtd4lEbgcBI\/AAAAAAAABzA\/c3pUwHbcuV8\/s1600\/DSC_0093.JPG?ssl=1\" imageanchor=\"1\" style=\"clear: left; float: left; margin-bottom: 1em; margin-right: 1em;\"><img data-recalc-dims=\"1\" loading=\"lazy\" decoding=\"async\" border=\"0\" height=\"212\" src=\"https:\/\/i0.wp.com\/llibresalrepla.cat\/wp-content\/uploads\/2016\/03\/DSC_0093.jpg?resize=320%2C212\" width=\"320\" \/><\/a><\/div>\n<p>Amb  la col\u00b7laboraci\u00f3 de l\u2019Alba i del Jos\u00e9, la Carme tamb\u00e9 ajuda a entitats altruistes per als m\u00e9s necessitats, com el menjador social de la mateixa parr\u00f2quia de Sant Eugeni o la Fundaci\u00f3 Vicent Ferrer. <br \/>\nLa Maria Tarrag\u00f3 i jo marxem amb la sensaci\u00f3 d\u2019haver apr\u00e8s moltes coses i d\u2019haver gaudit molt de la col\u00b7lecci\u00f3 de la Carme. Hem viscut un moment ple d\u2019emoci\u00f3, acompanyats del sentiment positiu que la Carme Faro ens ha transm\u00e8s amb la seva conversa i amb el plaer d\u2019haver gaudit de l\u2019exposici\u00f3 que ella i l\u2019Alba ens han preparat amb tanta cura.<\/p>\n<p>Cada vegada que trobi una Caputxeta il\u00b7lustrada pensar\u00e9 amb la Carme!<\/p>\n<div class=\"separator\" style=\"clear: both; text-align: center;\">\n<a href=\"https:\/\/i0.wp.com\/4.bp.blogspot.com\/-GM54wSBd20k\/Vtd32TUXvxI\/AAAAAAAABy4\/V-6X4m1Nnfg\/s1600\/DSC_0123.JPG?ssl=1\" imageanchor=\"1\" style=\"margin-left: 1em; margin-right: 1em;\"><img data-recalc-dims=\"1\" loading=\"lazy\" decoding=\"async\" border=\"0\" height=\"424\" src=\"https:\/\/i0.wp.com\/llibresalrepla.cat\/wp-content\/uploads\/2016\/03\/DSC_0123.jpg?resize=640%2C424\" width=\"640\" \/><\/a><\/div>\n<p><\/p>\n","protected":false},"excerpt":{"rendered":"<p>A vegades trobes persones que et sorprenen pel seu car\u00e0cter entusiasta: gent positiva que ha dedicat la seva vida a facilitar i fer m\u00e9s agradable la dels altres. Aix\u00f2 m\u2019ha passat aquesta darrera setmana. Qui m\u2019havia de dir que coneixeria de m\u00e9s prop la Carme Faro! La Carme estima els<\/p>\n","protected":false},"author":11,"featured_media":1229,"comment_status":"open","ping_status":"open","sticky":false,"template":"","format":"standard","meta":{"_jetpack_newsletter_access":"","_jetpack_dont_email_post_to_subs":false,"_jetpack_newsletter_tier_id":0,"_jetpack_memberships_contains_paywalled_content":false,"_jetpack_memberships_contains_paid_content":false,"footnotes":"","jetpack_publicize_message":"","jetpack_publicize_feature_enabled":true,"jetpack_social_post_already_shared":true,"jetpack_social_options":{"image_generator_settings":{"template":"highway","default_image_id":0,"font":"","enabled":false},"version":2},"jetpack_post_was_ever_published":false},"categories":[48],"tags":[38,39],"class_list":["post-535","post","type-post","status-publish","format-standard","has-post-thumbnail","hentry","category-2n-1a","tag-illustracions","tag-narrativa-infantil"],"jetpack_publicize_connections":[],"jetpack_featured_media_url":"https:\/\/i0.wp.com\/llibresalrepla.cat\/wp-content\/uploads\/2016\/03\/DSC_0078.jpg?fit=212%2C320&ssl=1","jetpack_sharing_enabled":true,"jetpack_shortlink":"https:\/\/wp.me\/p983NL-8D","_links":{"self":[{"href":"https:\/\/llibresalrepla.cat\/index.php?rest_route=\/wp\/v2\/posts\/535","targetHints":{"allow":["GET"]}}],"collection":[{"href":"https:\/\/llibresalrepla.cat\/index.php?rest_route=\/wp\/v2\/posts"}],"about":[{"href":"https:\/\/llibresalrepla.cat\/index.php?rest_route=\/wp\/v2\/types\/post"}],"author":[{"embeddable":true,"href":"https:\/\/llibresalrepla.cat\/index.php?rest_route=\/wp\/v2\/users\/11"}],"replies":[{"embeddable":true,"href":"https:\/\/llibresalrepla.cat\/index.php?rest_route=%2Fwp%2Fv2%2Fcomments&post=535"}],"version-history":[{"count":1,"href":"https:\/\/llibresalrepla.cat\/index.php?rest_route=\/wp\/v2\/posts\/535\/revisions"}],"predecessor-version":[{"id":1240,"href":"https:\/\/llibresalrepla.cat\/index.php?rest_route=\/wp\/v2\/posts\/535\/revisions\/1240"}],"wp:featuredmedia":[{"embeddable":true,"href":"https:\/\/llibresalrepla.cat\/index.php?rest_route=\/wp\/v2\/media\/1229"}],"wp:attachment":[{"href":"https:\/\/llibresalrepla.cat\/index.php?rest_route=%2Fwp%2Fv2%2Fmedia&parent=535"}],"wp:term":[{"taxonomy":"category","embeddable":true,"href":"https:\/\/llibresalrepla.cat\/index.php?rest_route=%2Fwp%2Fv2%2Fcategories&post=535"},{"taxonomy":"post_tag","embeddable":true,"href":"https:\/\/llibresalrepla.cat\/index.php?rest_route=%2Fwp%2Fv2%2Ftags&post=535"}],"curies":[{"name":"wp","href":"https:\/\/api.w.org\/{rel}","templated":true}]}}