{"id":519,"date":"2016-06-10T14:55:00","date_gmt":"2016-06-10T14:55:00","guid":{"rendered":"http:\/\/llibresalrepla.cat\/?p=519"},"modified":"2017-09-02T07:01:57","modified_gmt":"2017-09-02T07:01:57","slug":"un-replaner-croacia","status":"publish","type":"post","link":"https:\/\/llibresalrepla.cat\/?p=519","title":{"rendered":"Un replaner a Cro\u00e0cia"},"content":{"rendered":"<p><a href=\"https:\/\/i0.wp.com\/1.bp.blogspot.com\/-z9d_04Ub5Ks\/V1rUfy4ZgRI\/AAAAAAAAB-4\/OQolIwdZZJkoq_CN4F0Vhdsw4FD8sSS1ACKgB\/s1600\/13346995_915672285226303_8056007395792227821_n%2B%25281%2529.jpg?ssl=1\" imageanchor=\"1\" style=\"clear: right; float: right; margin-bottom: 1em; margin-left: 1em;\"><img data-recalc-dims=\"1\" loading=\"lazy\" decoding=\"async\" border=\"0\" height=\"143\" src=\"https:\/\/i0.wp.com\/llibresalrepla.cat\/wp-content\/uploads\/2016\/06\/13346995_915672285226303_8056007395792227821_n28129.jpg?resize=200%2C143\" width=\"200\" \/><\/a>Des del Sal\u00f3 del llibre Infantil i Juvenil de Sibenik (Cro\u00e0cia) compten amb l&#8217;Ignasi Blanch, ve\u00ed de l&#8217;escala, com a il\u00b7lustrador convidat d&#8217;enguany en la &nbsp;10a edici\u00f3 de la Fira.<\/p>\n<p>Des del 17 al 29 d&#8217;aquest mes de juny, l&#8217;Ignasi presentar\u00e0 una exposici\u00f3 retrospectiva de la seva obra &nbsp;i oferir\u00e0 tallers. Una bona not\u00edcia que ens agrada compartir amb els seguidors del Repl\u00e0.<\/p>\n<div class=\"separator\" style=\"clear: both; text-align: center;\">\n<a href=\"https:\/\/i0.wp.com\/3.bp.blogspot.com\/-30RCF5wRqKo\/V1rUf-2m83I\/AAAAAAAAB-8\/BWV7ebie2dkfzKUQfEv3bMjmLcBsC_miACKgB\/s1600\/13434679_916105065183025_3533227907998232243_n.jpg?ssl=1\" imageanchor=\"1\" style=\"margin-left: 1em; margin-right: 1em;\"><img data-recalc-dims=\"1\" loading=\"lazy\" decoding=\"async\" border=\"0\" height=\"228\" src=\"https:\/\/i0.wp.com\/llibresalrepla.cat\/wp-content\/uploads\/2016\/06\/13434679_916105065183025_3533227907998232243_n.jpg?resize=320%2C228\" width=\"320\" \/><\/a><\/div>\n<p><\/p>\n","protected":false},"excerpt":{"rendered":"<p>Des del Sal\u00f3 del llibre Infantil i Juvenil de Sibenik (Cro\u00e0cia) compten amb l&#8217;Ignasi Blanch, ve\u00ed de l&#8217;escala, com a il\u00b7lustrador convidat d&#8217;enguany en la &nbsp;10a edici\u00f3 de la Fira. Des del 17 al 29 d&#8217;aquest mes de juny, l&#8217;Ignasi presentar\u00e0 una exposici\u00f3 retrospectiva de la seva obra &nbsp;i oferir\u00e0<\/p>\n","protected":false},"author":11,"featured_media":1131,"comment_status":"open","ping_status":"open","sticky":false,"template":"","format":"standard","meta":{"_jetpack_newsletter_access":"","_jetpack_dont_email_post_to_subs":false,"_jetpack_newsletter_tier_id":0,"_jetpack_memberships_contains_paywalled_content":false,"_jetpack_memberships_contains_paid_content":false,"footnotes":"","jetpack_publicize_message":"","jetpack_publicize_feature_enabled":true,"jetpack_social_post_already_shared":true,"jetpack_social_options":{"image_generator_settings":{"template":"highway","default_image_id":0,"font":"","enabled":false},"version":2},"jetpack_post_was_ever_published":false},"categories":[48,74],"tags":[38,57],"class_list":["post-519","post","type-post","status-publish","format-standard","has-post-thumbnail","hentry","category-2n-1a","category-porteria","tag-illustracions","tag-noticies"],"jetpack_publicize_connections":[],"jetpack_featured_media_url":"https:\/\/i0.wp.com\/llibresalrepla.cat\/wp-content\/uploads\/2016\/06\/13346995_915672285226303_8056007395792227821_n28129.jpg?fit=200%2C144&ssl=1","jetpack_sharing_enabled":true,"jetpack_shortlink":"https:\/\/wp.me\/p983NL-8n","_links":{"self":[{"href":"https:\/\/llibresalrepla.cat\/index.php?rest_route=\/wp\/v2\/posts\/519","targetHints":{"allow":["GET"]}}],"collection":[{"href":"https:\/\/llibresalrepla.cat\/index.php?rest_route=\/wp\/v2\/posts"}],"about":[{"href":"https:\/\/llibresalrepla.cat\/index.php?rest_route=\/wp\/v2\/types\/post"}],"author":[{"embeddable":true,"href":"https:\/\/llibresalrepla.cat\/index.php?rest_route=\/wp\/v2\/users\/11"}],"replies":[{"embeddable":true,"href":"https:\/\/llibresalrepla.cat\/index.php?rest_route=%2Fwp%2Fv2%2Fcomments&post=519"}],"version-history":[{"count":1,"href":"https:\/\/llibresalrepla.cat\/index.php?rest_route=\/wp\/v2\/posts\/519\/revisions"}],"predecessor-version":[{"id":1133,"href":"https:\/\/llibresalrepla.cat\/index.php?rest_route=\/wp\/v2\/posts\/519\/revisions\/1133"}],"wp:featuredmedia":[{"embeddable":true,"href":"https:\/\/llibresalrepla.cat\/index.php?rest_route=\/wp\/v2\/media\/1131"}],"wp:attachment":[{"href":"https:\/\/llibresalrepla.cat\/index.php?rest_route=%2Fwp%2Fv2%2Fmedia&parent=519"}],"wp:term":[{"taxonomy":"category","embeddable":true,"href":"https:\/\/llibresalrepla.cat\/index.php?rest_route=%2Fwp%2Fv2%2Fcategories&post=519"},{"taxonomy":"post_tag","embeddable":true,"href":"https:\/\/llibresalrepla.cat\/index.php?rest_route=%2Fwp%2Fv2%2Ftags&post=519"}],"curies":[{"name":"wp","href":"https:\/\/api.w.org\/{rel}","templated":true}]}}