{"id":4883,"date":"2020-11-20T09:50:15","date_gmt":"2020-11-20T09:50:15","guid":{"rendered":"http:\/\/llibresalrepla.cat\/?p=4883"},"modified":"2020-11-20T09:50:18","modified_gmt":"2020-11-20T09:50:18","slug":"cinc-notes-musicals-sobre-poesia-per-a-infants","status":"publish","type":"post","link":"https:\/\/llibresalrepla.cat\/?p=4883","title":{"rendered":"Cinc notes (musicals?) sobre poesia per a infants"},"content":{"rendered":"\n<p>Per a la meva estrena a l\u2019acollidora casa de <em>Llibres al repl\u00e0<\/em>, he triat fer unes divagacions sobre un g\u00e8nere literari relacionat clarament amb la m\u00fasica, i que ha produ\u00eft en els \u00faltims anys una\u00a0 florida de t\u00edtols: la poesia per a nens. At\u00e8s que no en s\u00f3c cap experta (a casa nostra en tenim, i de molt bones, com ara la Margarida Prats), i que la meva ignor\u00e0ncia en mat\u00e8ria musical \u00e9s oce\u00e0nica, em permetr\u00e9 de fer un pica-pica per diverses q\u00fcestions que em criden l\u2019atenci\u00f3 i que, ben embastades, potser podrien constituir un pla de treball.<\/p>\n\n\n\n<p>1. La poesia infantil s\u2019ha ocupat sovint del m\u00f3n de la m\u00fasica. A part dels bestiaris, tant freq\u00fcents en els poemes per a nens, podr\u00edem dir que \u00e9s un tema recurrent en molts escriptors que escriuen poemes per a nens, normalment es tria algun aspecte de la m\u00fasica (els instruments, el cant, els cors, els teatres,\u00a0 l\u2019orquestra, etc.). Per a veure\u2019n una bona mostra del que diem, i adreceu-vos a l\u2019antologia <em>Poesies amb suc<\/em> (Il. Merc\u00e8 Gal\u00ed. Barcelona: La Galera, 2007), selecci\u00f3 de Miquel Desclot. Es tracta d\u2019una breu selecci\u00f3 de poemes originalment escrits en catal\u00e0, o tradu\u00efts d\u2019altres lleng\u00fces (castell\u00e0, itali\u00e0). Hi trobem autors com ara Joana Raspall, Empar de Lanuza o el propi Miquel Desclot. El tema \u00e9s, b\u00e0sicament, els instruments musicals: viol\u00ed, clarinet, percussi\u00f3, guitarra, trompeta, o b\u00e9, alguns elements essencials per a compondre m\u00fasica, com ara la nota musical.<\/p>\n\n\n\n<figure class=\"wp-block-image size-large is-resized\"><img data-recalc-dims=\"1\" loading=\"lazy\" decoding=\"async\" src=\"https:\/\/i0.wp.com\/llibresalrepla.cat\/wp-content\/uploads\/2020\/11\/La-nota.jpg?resize=315%2C337\" alt=\"\" class=\"wp-image-4887\" width=\"315\" height=\"337\" srcset=\"https:\/\/i0.wp.com\/llibresalrepla.cat\/wp-content\/uploads\/2020\/11\/La-nota.jpg?w=494&amp;ssl=1 494w, https:\/\/i0.wp.com\/llibresalrepla.cat\/wp-content\/uploads\/2020\/11\/La-nota.jpg?resize=467%2C500&amp;ssl=1 467w, https:\/\/i0.wp.com\/llibresalrepla.cat\/wp-content\/uploads\/2020\/11\/La-nota.jpg?resize=260%2C278&amp;ssl=1 260w, https:\/\/i0.wp.com\/llibresalrepla.cat\/wp-content\/uploads\/2020\/11\/La-nota.jpg?resize=160%2C171&amp;ssl=1 160w\" sizes=\"auto, (max-width: 315px) 100vw, 315px\" \/><\/figure>\n\n\n\n<p>2. I, ja que hem mencionat Miquel Desclot,\u00a0 cal fer una aturada important en la seva obra, molt relacionada amb la m\u00fasica. Desclot va col\u00b7laborar diverses vegades amb entitats musicals, com ara Secretariat de Corals infantils de Catalunya; t\u00e9 fetes adaptacions d\u2019\u00f2peres com <em>La flauta m\u00e0gica<\/em> i \u00e9s autor de diversos llibrets<em>.<\/em> Les seves poesies de tema musical han quallat, essencialment, en dos llibres<em>:\u00a0 M\u00fasica, mestre!<\/em> (Il. Fina Rif\u00e0, Barcelona: Emp\u00faries, 1987) i <em>M\u00e9s m\u00fasica, mestre! <\/em>(Il. Fina Rif\u00e0, Barcelona: La Galera, 2001)\u00a0 que li va valdre el Premi Nacional de Literatura Infantil i Juvenil 2002.\u00a0<\/p>\n\n\n\n<div class=\"wp-block-image\"><figure class=\"alignright size-large is-resized\"><img data-recalc-dims=\"1\" loading=\"lazy\" decoding=\"async\" src=\"https:\/\/i0.wp.com\/llibresalrepla.cat\/wp-content\/uploads\/2020\/11\/Desclot.jpg?resize=242%2C379\" alt=\"\" class=\"wp-image-4885\" width=\"242\" height=\"379\" srcset=\"https:\/\/i0.wp.com\/llibresalrepla.cat\/wp-content\/uploads\/2020\/11\/Desclot.jpg?w=515&amp;ssl=1 515w, https:\/\/i0.wp.com\/llibresalrepla.cat\/wp-content\/uploads\/2020\/11\/Desclot.jpg?resize=319%2C500&amp;ssl=1 319w, https:\/\/i0.wp.com\/llibresalrepla.cat\/wp-content\/uploads\/2020\/11\/Desclot.jpg?resize=260%2C408&amp;ssl=1 260w, https:\/\/i0.wp.com\/llibresalrepla.cat\/wp-content\/uploads\/2020\/11\/Desclot.jpg?resize=160%2C251&amp;ssl=1 160w\" sizes=\"auto, (max-width: 242px) 100vw, 242px\" \/><\/figure><\/div>\n\n\n\n<p>En aquest darrer, hi ha espl\u00e8ndids homenatges als instruments, fent-los parlar i, tot sovint, fent-ne una endevinalla o el joc de paraules:<\/p>\n\n\n\n<p><strong>Clarinet<\/strong><\/p>\n\n\n\n<p>Com que s\u00f3c un clar\u00ed net<\/p>\n\n\n\n<p>De la boca a l\u2019esquelet<\/p>\n\n\n\n<p>M\u2019ensabono cada dia<\/p>\n\n\n\n<p>La lluent anatomia<\/p>\n\n\n\n<p>No voldria que un barrut<\/p>\n\n\n\n<p>Pogu\u00e9s dir-me claribrut<\/p>\n\n\n\n<p>(<em>M\u00e9s m\u00fasica, mestre<\/em>, p.18)<\/p>\n\n\n\n<p>Tamb\u00e9 en llibres que no s\u00f3n espec\u00edficament de tema musicals, s\u2019esllavissa algun poema relacionat amb la m\u00fasica o que, si m\u00e9s no, t\u00e9 el nom de can\u00e7\u00f3. A <em>Oi, Eloi<\/em>, (Barcelona: La Galera, 1995) hi ha un magn\u00edfic aplec: \u201c<em>Set can\u00e7ons de follet de ciutat\u201d<\/em>. (<em>Oi, Eloi<\/em>, pp. 47-54)<\/p>\n\n\n\n<p><\/p>\n\n\n\n<p>3. I ja que parlem de can\u00e7ons\u00a0 no puc resistir-me de recomanar un llibre de poemes musicats fets a l\u2019Alguer: <em>Mans manetes, paraules, can\u00e7ons i veus de minyons<\/em>,\u00a0 (Il. Estudi Muto. Alguer: Plataforma per la llengua, 2017) , que va acompanyat d\u2019un disc on podem sentir-los, a c\u00e0rrec de diferents veus o cors. La selecci\u00f3, en una edici\u00f3 acurada amb text en catal\u00e0 de l\u2019Alguer i traducci\u00f3 a l\u2019itali\u00e0, compr\u00e8n can\u00e7ons populars, algunes de les quals reconeixereu tot d\u2019una. Tamb\u00e9 hi ha poemes d\u2019autor contemporani, sovint musicats i fins i tot interpretats per l\u2019autor. Una excel\u00b7lent ocasi\u00f3 per fer un toc d\u2019atenci\u00f3 als nostres distribu\u00efdors de llibres, o institucions, perqu\u00e8 tinguin present manifestacions dels Pa\u00efsos Catalans que se\u2019ns escapen massa sovint.<\/p>\n\n\n\n<figure class=\"wp-block-image size-large is-resized\"><img data-recalc-dims=\"1\" loading=\"lazy\" decoding=\"async\" src=\"https:\/\/i0.wp.com\/llibresalrepla.cat\/wp-content\/uploads\/2020\/11\/Alguer.jpg?resize=506%2C344\" alt=\"\" class=\"wp-image-4884\" width=\"506\" height=\"344\" srcset=\"https:\/\/i0.wp.com\/llibresalrepla.cat\/wp-content\/uploads\/2020\/11\/Alguer.jpg?w=1056&amp;ssl=1 1056w, https:\/\/i0.wp.com\/llibresalrepla.cat\/wp-content\/uploads\/2020\/11\/Alguer.jpg?resize=500%2C340&amp;ssl=1 500w, https:\/\/i0.wp.com\/llibresalrepla.cat\/wp-content\/uploads\/2020\/11\/Alguer.jpg?resize=768%2C522&amp;ssl=1 768w, https:\/\/i0.wp.com\/llibresalrepla.cat\/wp-content\/uploads\/2020\/11\/Alguer.jpg?resize=560%2C381&amp;ssl=1 560w, https:\/\/i0.wp.com\/llibresalrepla.cat\/wp-content\/uploads\/2020\/11\/Alguer.jpg?resize=260%2C177&amp;ssl=1 260w, https:\/\/i0.wp.com\/llibresalrepla.cat\/wp-content\/uploads\/2020\/11\/Alguer.jpg?resize=160%2C109&amp;ssl=1 160w\" sizes=\"auto, (max-width: 506px) 100vw, 506px\" \/><\/figure>\n\n\n\n<p><\/p>\n\n\n\n<p>4. A tall de conclusions<\/p>\n\n\n\n<p>Quina relaci\u00f3 hi ha entre poesia i m\u00fasica? Hi ha qui diu que la poesia no necessita m\u00fasica perqu\u00e8 ella mateixa ja \u00e9s m\u00fasica: l\u2019accentuaci\u00f3, el tipus de vers, la rima, etc., componen un llenguatge que \u00e9s la bastida de les idees o sentiments que s\u2019hi expressen. Per als poetes, no n\u2019hi ha prou amb transmetre uns conceptes o unes emocions: necessiten que la seva paraula entreteixeixi una mena de partitura que apel\u00b7li\u00a0 a la transmissi\u00f3 per l\u2019aire i l\u2019o\u00efda m\u00e9s que pel paper i els ulls. De fet, el g\u00e8nere literari \u201cl\u00edrica\u201d (de <em>lira<\/em>) en els seus or\u00edgens era sempre acompanyat amb m\u00fasica. Per\u00f2 no era un afegit\u00f3 en el qual \u201cencabir\u201d el poema: la m\u00fasica que emanava de la pr\u00f2pia combinaci\u00f3 de mots, intensitat de sons, distribuci\u00f3 d\u2019accents i harmonia natural.<\/p>\n\n\n\n<p><\/p>\n\n\n\n<p>5. Tanco la reflexi\u00f3 tra\u00e7ant un itinerari des de la poesia infantil a la poesia per a adult. Cal sempre insistir en qu\u00e8 l\u2019educaci\u00f3 liter\u00e0ria no es pot representar \u00fanicament com un ascens\u00a0del m\u00e9s f\u00e0cil al m\u00e9s dif\u00edcil, sin\u00f3 com un cam\u00ed d\u2019anada i tornada, en qu\u00e8 molts temes, idees, figures o imatges s\u00f3n compartits.\u00a0 Veiem aquest poema d&#8217;Antonio Garc\u00eda Tejeiro tradu\u00eft per Miquel Desclot:<\/p>\n\n\n\n<p>Aire sonor<\/p>\n\n\n\n<p>Notes al vent<\/p>\n\n\n\n<p>M\u00fasica lliure<\/p>\n\n\n\n<p>En moviment.<\/p>\n\n\n\n<p>(<em>Poesies amb suc<\/em>, p. 176)<\/p>\n\n\n\n<p>Comparem-o ara, am les bell\u00edssimes paraules del poeta mallorqu\u00ed Gabriel Alomar:<\/p>\n\n\n\n<p>Jo escric al vent aqueixa estrofa alada<br>per a qu\u00e8 el vent la porti cel enll\u00e0<br>jo vull seguir-la amb ma candent mirada,<br>plor\u00f3s de no poder-la acompanyar.<br><br>Entre els hiverns, quan vibri la ventada,<br>el meu vers per l&#8217;espai ressonar\u00e0,<br>i sobre els homes sa brunzent tonada<br>dur\u00e0 el so d&#8217;un inc\u00f2gnit oce\u00e0.<br><br>I cantar\u00e0 en la lira de les branques<br>i de la lluna en les crineres blanques<br>o en l&#8217;arquet de silenci de la nit.<br><br>I eternament la maternal Natura<br>l&#8217;espargir\u00e0 per la infinita altura<br>quan el meu nom, obscur, ser\u00e0 extingit.<\/p>\n\n\n\n<p>I de regal final, sentiu el poema cantat per la Maria del Mar Bonet:<\/p>\n\n\n\n<figure class=\"wp-block-embed-youtube wp-block-embed is-type-video is-provider-youtube wp-embed-aspect-4-3 wp-has-aspect-ratio\"><div class=\"wp-block-embed__wrapper\">\n<span class=\"embed-youtube\" style=\"text-align:center; display: block;\"><iframe loading=\"lazy\" class=\"youtube-player\" width=\"900\" height=\"507\" src=\"https:\/\/www.youtube.com\/embed\/T7124R-qoak?version=3&#038;rel=1&#038;showsearch=0&#038;showinfo=1&#038;iv_load_policy=1&#038;fs=1&#038;hl=ca&#038;autohide=2&#038;wmode=transparent\" allowfullscreen=\"true\" style=\"border:0;\" sandbox=\"allow-scripts allow-same-origin allow-popups allow-presentation allow-popups-to-escape-sandbox\"><\/iframe><\/span>\n<\/div><\/figure>\n","protected":false},"excerpt":{"rendered":"<p>Per a la meva estrena a l\u2019acollidora casa de Llibres al repl\u00e0, he triat fer unes divagacions sobre un g\u00e8nere literari relacionat clarament amb la m\u00fasica, i que ha produ\u00eft en els \u00faltims anys una\u00a0 florida de t\u00edtols: la poesia per a nens. At\u00e8s que no en s\u00f3c cap experta<\/p>\n","protected":false},"author":18,"featured_media":4887,"comment_status":"open","ping_status":"open","sticky":false,"template":"","format":"standard","meta":{"_jetpack_newsletter_access":"","_jetpack_dont_email_post_to_subs":false,"_jetpack_newsletter_tier_id":0,"_jetpack_memberships_contains_paywalled_content":false,"_jetpack_memberships_contains_paid_content":false,"footnotes":"","jetpack_publicize_message":"","jetpack_publicize_feature_enabled":true,"jetpack_social_post_already_shared":true,"jetpack_social_options":{"image_generator_settings":{"template":"highway","default_image_id":0,"font":"","enabled":false},"version":2},"jetpack_post_was_ever_published":false},"categories":[48],"tags":[115,53],"class_list":["post-4883","post","type-post","status-publish","format-standard","has-post-thumbnail","hentry","category-2n-1a","tag-musica","tag-poesia"],"jetpack_publicize_connections":[],"jetpack_featured_media_url":"https:\/\/i0.wp.com\/llibresalrepla.cat\/wp-content\/uploads\/2020\/11\/La-nota.jpg?fit=494%2C529&ssl=1","jetpack_sharing_enabled":true,"jetpack_shortlink":"https:\/\/wp.me\/p983NL-1gL","_links":{"self":[{"href":"https:\/\/llibresalrepla.cat\/index.php?rest_route=\/wp\/v2\/posts\/4883","targetHints":{"allow":["GET"]}}],"collection":[{"href":"https:\/\/llibresalrepla.cat\/index.php?rest_route=\/wp\/v2\/posts"}],"about":[{"href":"https:\/\/llibresalrepla.cat\/index.php?rest_route=\/wp\/v2\/types\/post"}],"author":[{"embeddable":true,"href":"https:\/\/llibresalrepla.cat\/index.php?rest_route=\/wp\/v2\/users\/18"}],"replies":[{"embeddable":true,"href":"https:\/\/llibresalrepla.cat\/index.php?rest_route=%2Fwp%2Fv2%2Fcomments&post=4883"}],"version-history":[{"count":2,"href":"https:\/\/llibresalrepla.cat\/index.php?rest_route=\/wp\/v2\/posts\/4883\/revisions"}],"predecessor-version":[{"id":4889,"href":"https:\/\/llibresalrepla.cat\/index.php?rest_route=\/wp\/v2\/posts\/4883\/revisions\/4889"}],"wp:featuredmedia":[{"embeddable":true,"href":"https:\/\/llibresalrepla.cat\/index.php?rest_route=\/wp\/v2\/media\/4887"}],"wp:attachment":[{"href":"https:\/\/llibresalrepla.cat\/index.php?rest_route=%2Fwp%2Fv2%2Fmedia&parent=4883"}],"wp:term":[{"taxonomy":"category","embeddable":true,"href":"https:\/\/llibresalrepla.cat\/index.php?rest_route=%2Fwp%2Fv2%2Fcategories&post=4883"},{"taxonomy":"post_tag","embeddable":true,"href":"https:\/\/llibresalrepla.cat\/index.php?rest_route=%2Fwp%2Fv2%2Ftags&post=4883"}],"curies":[{"name":"wp","href":"https:\/\/api.w.org\/{rel}","templated":true}]}}