{"id":479,"date":"2017-04-27T18:46:00","date_gmt":"2017-04-27T18:46:00","guid":{"rendered":"http:\/\/llibresalrepla.cat\/?p=479"},"modified":"2017-08-31T09:29:38","modified_gmt":"2017-08-31T09:29:38","slug":"dos-dies-la-fira-de-bolonya","status":"publish","type":"post","link":"https:\/\/llibresalrepla.cat\/?p=479","title":{"rendered":"Dos dies a la Fira de Bolonya"},"content":{"rendered":"<p>Just acabem de passar la festa de Sant Jordi i encara est\u00e0 molt present la 54 edici\u00f3 de la Fira del llibre infantil i juvenil de Bolonya, on aquest any Catalunya i les Illes Balears han estat convidades d\u2019honor.<\/p>\n<div class=\"separator\" style=\"clear: both; text-align: center;\">\n<a href=\"https:\/\/i0.wp.com\/3.bp.blogspot.com\/-GRFAqFjQhlk\/WQIwzwLHFrI\/AAAAAAAAKCY\/ejH3fpEz58sdHd8k5MWYPgBLUkbDVi3EgCEw\/s1600\/unnamed%2B%252828%2529.jpg?ssl=1\" imageanchor=\"1\" style=\"margin-left: 1em; margin-right: 1em;\"><img data-recalc-dims=\"1\" loading=\"lazy\" decoding=\"async\" border=\"0\" height=\"223\" src=\"https:\/\/i0.wp.com\/llibresalrepla.cat\/wp-content\/uploads\/2017\/04\/unnamed282829.jpg?resize=400%2C223\" width=\"400\" \/><\/a><\/div>\n<p>\nUna experi\u00e8ncia molt especial que hem pogut viure molt\u00edssims il\u00b7lustradors de Catalunya amb la il\u00b7lusi\u00f3 de mostrar el nostre treball a editors de pa\u00efsos molt llunyans, aprofitant que el nom del nostre pa\u00eds ressonava de manera destacada a la Fira del llibre infantil i juvenil m\u00e9s important del m\u00f3n. <\/p>\n<div class=\"separator\" style=\"clear: both; text-align: center;\">\n<a href=\"https:\/\/i0.wp.com\/3.bp.blogspot.com\/-xgccjIMNdwA\/WQIwz20HdfI\/AAAAAAAAKCY\/4o6Nbll1jmQW2tM1PSQhqPg495iaG7LuACEw\/s1600\/unnamed%2B%252829%2529.jpg?ssl=1\" imageanchor=\"1\" style=\"margin-left: 1em; margin-right: 1em;\"><img data-recalc-dims=\"1\" loading=\"lazy\" decoding=\"async\" border=\"0\" height=\"179\" src=\"https:\/\/i0.wp.com\/llibresalrepla.cat\/wp-content\/uploads\/2017\/04\/unnamed282929.jpg?resize=320%2C179\" width=\"320\" \/><\/a><\/div>\n<p>\nGr\u00e0cies a l\u2019Institut Ramon Llull i a tot un equip de professionals, es van organitzar dues mostres d\u2019il\u00b7lustradors catalans. La primera es presentava al centre de la ciutat italiana, a l\u2019Archiginnasio, i estava formada pel treball de 17 professionals que, en paraules de la comiss\u00e0ria Paula Jarrin, \u201chan obert cam\u00ed, mestres i referents que continuen treballant i han donat entitat i prestigi a la literatura infantil i juvenil en llengua catalana\u201d. A la segona mostra, present al mateix recinte de la fira, vam poder gaudir del treball de 42 il\u00b7lustradors que representaven, tamb\u00e9 en paraules de la Paula, \u201cel present i el futur de la nostra literatura infantil i juvenil\u201d.<\/p>\n<div class=\"separator\" style=\"clear: both; text-align: center;\">\n<a href=\"https:\/\/i0.wp.com\/4.bp.blogspot.com\/-GNVa4QjPfh0\/WQIwzY-taAI\/AAAAAAAAKCY\/81D8RgiRKOQLS3-VfjSVnFU7DWAEUQPhACEw\/s1600\/unnamed%2B%252823%2529.jpg?ssl=1\" imageanchor=\"1\" style=\"margin-left: 1em; margin-right: 1em;\"><img data-recalc-dims=\"1\" loading=\"lazy\" decoding=\"async\" border=\"0\" height=\"223\" src=\"https:\/\/i0.wp.com\/llibresalrepla.cat\/wp-content\/uploads\/2017\/04\/unnamed282329.jpg?resize=400%2C223\" width=\"400\" \/><\/a><\/div>\n<p>\nEn un principi hi va haver un cert desconcert, i no tothom va estar d\u2019acord amb la tria dels il\u00b7lustradors proposats per a ambdues mostres. Personalment, vaig formar part de l\u2019exposici\u00f3 a l\u2019Archiginnasio i vaig agrair personalment la meva inclusi\u00f3 en aquesta mostra, malgrat manifestar que hi mancaven altres companys professionals capdavanters en el panorama de la il\u00b7lustraci\u00f3 catalana, com ara la Maria Rius, per exemple.<\/p>\n<p>Vaig despla\u00e7ar-me amb avi\u00f3 des de Barcelona en companyia d\u2019un dels ve\u00efns de l\u2019escala, l\u2019escriptor \u00c0ngel Burgas, i amb la sorpresa afegida de trobar, al mateix vol d\u2019una companyia de baix cost, a molts companys de professi\u00f3, a molt\u00edssims alumnes de l\u2019Escola de la Dona on coordino els estudis d\u2019il\u00b7lustraci\u00f3, i fins i tot al President de la Generalitat acompanyat d\u2019alguns consellers i altres representants de les institucions catalanes.<br \/>\nDurant els dies de la Bologna Children\u2019s Book Fair, els carrers de la ciutat estaven plens de gent de casa nostra. Per tot arreu escoltaves parlar en catal\u00e0 i, m\u00e9s a m\u00e9s, coincidies amb companys a les inauguracions, visites culturals i fins i tot als restaurants.<\/p>\n<div class=\"separator\" style=\"clear: both; text-align: center;\">\n<a href=\"https:\/\/i0.wp.com\/3.bp.blogspot.com\/-HoqkPfsuWLQ\/WQIwzQ_Q6lI\/AAAAAAAAKCY\/_IbDPCXke644VFAavH6Rj5RbtstszbjbwCEw\/s1600\/unnamed%2B%252824%2529.jpg?ssl=1\" imageanchor=\"1\" style=\"margin-left: 1em; margin-right: 1em;\"><img data-recalc-dims=\"1\" loading=\"lazy\" decoding=\"async\" border=\"0\" height=\"223\" src=\"https:\/\/i0.wp.com\/llibresalrepla.cat\/wp-content\/uploads\/2017\/04\/unnamed282429.jpg?resize=400%2C223\" width=\"400\" \/><\/a><\/div>\n<p>\nLa primera trobada interessant  va ser a l\u2019Ajuntament, on s\u2019inaugurava una tercera exposici\u00f3 vinculada a la fira i a Catalunya com a convidada d\u2019Honor. Es tractava d\u2019una mostra de la feina de Pilarin Bayes sobre les seves publicacions amb Edicions 62 de la hist\u00f2ria de Catalunya. Una proposta conjunta de l\u2019ajuntament de Vic i del de la ciutat italiana que va fer possible poder gaudir del treball de la nostra il\u00b7lustradora referent i propiciar un intercanvi amable entre les dues ciutats. L\u2019acte inaugural compt\u00e0 amb la pres\u00e8ncia de Puigdemont, el conseller Vila i el president del Ramon Llull, Manel Forcano, entre molts d\u2019altres.<\/p>\n<div class=\"separator\" style=\"clear: both; text-align: center;\">\n<a href=\"https:\/\/i0.wp.com\/3.bp.blogspot.com\/-fGhTl6cezxA\/WQIuvhtFxUI\/AAAAAAAAKAI\/w11jzSyJhh0qZJ8VoAPgLUrPX-d_AypugCEw\/s1600\/unnamed%2B%252819%2529.jpg?ssl=1\" imageanchor=\"1\" style=\"margin-left: 1em; margin-right: 1em;\"><img data-recalc-dims=\"1\" loading=\"lazy\" decoding=\"async\" border=\"0\" height=\"177\" src=\"https:\/\/i0.wp.com\/llibresalrepla.cat\/wp-content\/uploads\/2017\/04\/unnamed281929.jpg?resize=320%2C177\" width=\"320\" \/><\/a><\/div>\n<p>\nA continuaci\u00f3, i amb tota la comitiva de pol\u00edtics, vam anar a l\u2019Archiginnasio per inaugurar la mostra dels 17 il\u00b7lustradors \u201creferents\u201d. All\u00e0 ens vam trobar uns quants il\u00b7lustradors exposats, com ara Pilarin Bayes, T\u00e0ssies, Carme Sol\u00e9 Vendrell, Montse Tobella o Valent\u00ed Gubianes, i jo, a m\u00e9s a m\u00e9s, vaig gaudir de la companyia de molts joves il\u00b7lustradors, alumnes i antics alumnes. L\u2019exposici\u00f3 estava al pati interior de l\u2019edifici i cada il\u00b7lustrador participant ten\u00edem una il\u00b7lustraci\u00f3 reprodu\u00efda en una banderola de gran format que penjava del sostre. Jo vaig escollir una de les del llibre \u201cAl\u00edcia i el Pa\u00eds de Meravelles\u201d amb text de l\u2019\u00c0ngel Burgas.<\/p>\n<div class=\"separator\" style=\"clear: both; text-align: center;\">\n<a href=\"https:\/\/i0.wp.com\/4.bp.blogspot.com\/--Kks5gMKjBI\/WQIyoo1dIsI\/AAAAAAAAKCw\/74w4zhtd7yQQhXtPsRLgDI6FX0wn4CgiQCEw\/s1600\/unnamed%2B%252835%2529.jpg?ssl=1\" imageanchor=\"1\" style=\"margin-left: 1em; margin-right: 1em;\"><img data-recalc-dims=\"1\" loading=\"lazy\" decoding=\"async\" border=\"0\" height=\"400\" src=\"https:\/\/i0.wp.com\/llibresalrepla.cat\/wp-content\/uploads\/2017\/04\/unnamed283529.jpg?resize=300%2C400\" width=\"300\" \/><\/a><\/div>\n<p>\nAl vespre vam festejar-ho amb la festa d\u2019inauguraci\u00f3 a un Palazzo bell\u00edssim del centre de la ciutat, on fins tard vam xerrar, menjar, beure i ballar gr\u00e0cies a l\u2019acci\u00f3 d\u2019una DJ.<\/p>\n<p>L\u2019endem\u00e0 vaig arribar d\u2019hora a la Fira per participar en una taula rodona amb Pilarin Bay\u00e9s i Jan Barcel\u00f3. Hav\u00edem de parlar de l\u2019Ensenyament d\u2019Il\u00b7lustraci\u00f3 a Catalunya. Tres generacions i tres maneres diferents d\u2019enfocar la professi\u00f3.<\/p>\n<div class=\"separator\" style=\"clear: both; text-align: center;\">\n<a href=\"https:\/\/i0.wp.com\/1.bp.blogspot.com\/-aH2UPt17H3g\/WQIyogQiSuI\/AAAAAAAAKCw\/1uN5nzfg5mg3N5xCGDUsXb7x9FF5kvo5gCEw\/s1600\/unnamed%2B%252832%2529.jpg?ssl=1\" imageanchor=\"1\" style=\"margin-left: 1em; margin-right: 1em;\"><img data-recalc-dims=\"1\" loading=\"lazy\" decoding=\"async\" border=\"0\" height=\"300\" src=\"https:\/\/i0.wp.com\/llibresalrepla.cat\/wp-content\/uploads\/2017\/04\/unnamed283229.jpg?resize=400%2C300\" width=\"400\" \/><\/a><\/div>\n<p>\nPilarin va parlar del seu pas per la Facultat de Belles Arts, i en aix\u00f2 vam coincidir. Ella, per\u00f2 va ser una de les il\u00b7lustradores capdavanteres, conjuntament amb la Maria Rius i la Fina Rif\u00e0, en publicar a l\u2019editorial La Galera i a la revista Cavall Fort, gr\u00e0cies a la pedagoga Marta Mata que les va a anar a buscar a la mateixa Facultat. <br \/>\nEn el meu cas, i com a representant d\u2019una generaci\u00f3 entre la Pilarin i el Jan, vaig parlar de la sort de poder marxar a l\u2019estranger a finals dels vuitanta, i decidir el meu futur professional a la ciutat de Berl\u00edn. Aquesta estada a l\u2019estranger \u201cha dirigit el meu itinerari com a il\u00b7lustrador i, sobretot, la meva vinculaci\u00f3 amb Alemanya\u201d, vaig afirmar.<\/p>\n<div class=\"separator\" style=\"clear: both; text-align: center;\">\n<a href=\"https:\/\/i0.wp.com\/4.bp.blogspot.com\/-9rNL7Su6cEc\/WQIs5j5vHYI\/AAAAAAAAJ_U\/WSXVEsIA3RUnry06GqP01QiSOiZbrfqZgCEw\/s1600\/18076774_10154501985728388_471835811643853764_o%2B-%2Bcopia.jpg?ssl=1\" imageanchor=\"1\" style=\"margin-left: 1em; margin-right: 1em;\"><img data-recalc-dims=\"1\" loading=\"lazy\" decoding=\"async\" border=\"0\" height=\"240\" src=\"https:\/\/i0.wp.com\/llibresalrepla.cat\/wp-content\/uploads\/2017\/04\/18076774_10154501985728388_471835811643853764_o-copia.jpg?resize=320%2C240\" width=\"320\" \/><\/a><\/div>\n<p>\nEn Jan va parlar del seu pas per escoles diverses d\u2019il\u00b7lustraci\u00f3 i d\u2019haver rebut una formaci\u00f3 m\u00e9s dirigida cap al m\u00f3n professional amb una diversitat de disciplines que li ha servit per a crear dos projectes alternatius, el taller  La Roda on s\u2019autoediten els seus propis llibres amb serigrafia, i l\u2019editorial Queixal Edicions, que ja vam presentar  fa temps en aquest blog, i on la Karo, el Ferran i ell mateix creen llibres fets artesanalment, fabriquen el paper, les tintes d\u2019impressi\u00f3, i els enquadernen un per un a m\u00e0.<br \/>\nTots tres vam estar d\u2019acord en afirmar que un dels pa\u00efsos recomanables per estudiar il\u00b7lustraci\u00f3 \u00e9s, sens dubte, Catalunya, i vam mostrar alguns dels nostres darrers treballs. Pilarin ens va fer gaudir de la seva simpatia habitual i de la seva generositat.<\/p>\n<div class=\"separator\" style=\"clear: both; text-align: center;\">\n<a href=\"https:\/\/i0.wp.com\/3.bp.blogspot.com\/-vqV5xIoeFyw\/WQIuu_WHnUI\/AAAAAAAAKAI\/Sf70b7zJXCkTYUEwjXOmu7MdC4jZRkrjQCEw\/s1600\/unnamed%2B%252812%2529.jpg?ssl=1\" imageanchor=\"1\" style=\"margin-left: 1em; margin-right: 1em;\"><img data-recalc-dims=\"1\" loading=\"lazy\" decoding=\"async\" border=\"0\" height=\"320\" src=\"https:\/\/i0.wp.com\/llibresalrepla.cat\/wp-content\/uploads\/2017\/04\/unnamed281229.jpg?resize=179%2C320\" width=\"179\" \/><\/a><\/div>\n<p>\nSeguint passejant per la Fira vaig trobar-me amb la il\u00b7lustradora croata Andrea Petrlik Huseinovic  i el seu marit, l\u2019editor Kasmir Huseinovic. Andrea em va mostrar el seu proper llibre que est\u00e0 a punt de publicar al seu pa\u00eds, i em va explicar el seu darrer viatge a la xina on t\u00e9 milers de seguidors. Andrea \u00e9s la il\u00b7lustradora croata amb m\u00e9s ress\u00f2 internacional, i a Bolonya tenia la seva obra en un estand de grans proporcions.<\/p>\n<div class=\"separator\" style=\"clear: both; text-align: center;\">\n<a href=\"https:\/\/i0.wp.com\/4.bp.blogspot.com\/-c6Kt-oTwoyM\/WQIs5x6nU2I\/AAAAAAAAJ_U\/EI45F1wJlcoDZHMEH0EeVE01jH__5hiYgCEw\/s1600\/unnamed%2B%25283%2529%2B-%2Bcopia.jpg?ssl=1\" imageanchor=\"1\" style=\"margin-left: 1em; margin-right: 1em;\"><img data-recalc-dims=\"1\" loading=\"lazy\" decoding=\"async\" border=\"0\" height=\"223\" src=\"https:\/\/i0.wp.com\/llibresalrepla.cat\/wp-content\/uploads\/2017\/04\/unnamed28329-copia.jpg?resize=400%2C223\" width=\"400\" \/><\/a><\/div>\n<p>Despr\u00e9s vaig quedar amb l\u2019amiga i il\u00b7lustradora alemanya Jutta Bauer.  Jutta visita Bolonya gaireb\u00e9 tots els anys i aquesta vegada presentava el seu nou llibre \u00bfTe acuerdas? de l\u2019autor Zoran Drvenkar i editat en castell\u00e0 per l\u2019editorial L\u00f3guez de Salamanca.  Al vespre vam anar a sopar plegats amb un grup d\u2019il\u00b7lustradores de Su\u00efssa, dues alemanyes i una del Jap\u00f3. Tots i, sobretot els m\u00e9s joves, coincidien en la dificultat que tenien a l\u2019hora de mostrar el seu treball a les editorials estrangeres. Vam acabar dibuixant a sobre de les estovalles de paper!<\/p>\n<p>Tamb\u00e9 vaig poder coincidir amb la il\u00b7lustradora d\u2019Est\u00f2nia Viive Noor. Viive procura viatjar a moltes Fires per a crear projectes interculturals, i durant el seu pas per Bologna va aprofitar per organitzar la Triennal dels Pa\u00efsos B\u00e0ltics. Li vaig passar en m\u00e0 les il\u00b7lustracions originals que presentar\u00e9 en aquesta propera ocasi\u00f3 a la ciutat de Tallinn.<\/p>\n<div class=\"separator\" style=\"clear: both; text-align: center;\">\n<a href=\"https:\/\/i0.wp.com\/3.bp.blogspot.com\/-4ADZ44_dAIs\/WQIs52JGkyI\/AAAAAAAAJ_U\/D1bDp665o68ZFZZuYHZYV4SEH0iOMvpGwCEw\/s1600\/unnamed%2B%25285%2529%2B-%2Bcopia.jpg?ssl=1\" imageanchor=\"1\" style=\"margin-left: 1em; margin-right: 1em;\"><img data-recalc-dims=\"1\" loading=\"lazy\" decoding=\"async\" border=\"0\" height=\"223\" src=\"https:\/\/i0.wp.com\/llibresalrepla.cat\/wp-content\/uploads\/2017\/04\/unnamed28529-copia.jpg?resize=400%2C223\" width=\"400\" \/><\/a><\/div>\n<p>\nLa Fira de Bolonya ofereix la possibilitat d\u2019intercanvi d\u2019idees i opinions amb gent d\u2019indrets molt distants. Tot i aix\u00f2, una de les q\u00fcestions m\u00e9s comentades pels il\u00b7lustradors joves, era la relaci\u00f3 ambigua amb els editors. Hi havia editors que es limitaven a parlar de la possibilitat de treballar conjuntament o no, i d\u2019altres que feien un judici molt cr\u00edtic del book que l\u2019il\u00b7lustrador presentava amb il\u00b7lusi\u00f3 i esperan\u00e7a. Per als il\u00b7lustradors que volen iniciar-se en el m\u00f3n editorial, dep\u00e8n del caire de la trobada, tot plegat era motiu d\u2019alegria o de desenc\u00eds.<\/p>\n<div class=\"separator\" style=\"clear: both; text-align: center;\">\n<a href=\"https:\/\/i0.wp.com\/2.bp.blogspot.com\/-bkFuQW5px8k\/WQIs57kTfkI\/AAAAAAAAJ_U\/kxcvMpXJZuc3_sGmVpBu30zK2SCAgIF5wCEw\/s1600\/unnamed%2B%25284%2529%2B-%2Bcopia.jpg?ssl=1\" imageanchor=\"1\" style=\"margin-left: 1em; margin-right: 1em;\"><img data-recalc-dims=\"1\" loading=\"lazy\" decoding=\"async\" border=\"0\" height=\"223\" src=\"https:\/\/i0.wp.com\/llibresalrepla.cat\/wp-content\/uploads\/2017\/04\/unnamed28429-copia.jpg?resize=400%2C223\" width=\"400\" \/><\/a><\/div>\n<p>\nLa majoria d\u2019editors, per\u00f2, es mostraven accessibles i atents, com gaireb\u00e9 tots els que representaven a Catalunya.<\/p>\n<p>Vam marxar de la fira de Bologna molt contents. Ens vam retrobar amb amics, vam compartir experi\u00e8ncies, vam encetar futures relacions laborals i vam gaudir de la ciutat. Catalunya, amb els seus il\u00b7lustradors, les seves institucions i els representants del sector del llibre, va fer la feina molt ben feta!<\/p>\n<div class=\"separator\" style=\"clear: both; text-align: center;\">\n<a href=\"https:\/\/i0.wp.com\/1.bp.blogspot.com\/-BatNK5faKOE\/WQIuu3vyeFI\/AAAAAAAAKAI\/5Wj3xk0cViQaTysZAyJdgab2P8wm-o8sgCEw\/s1600\/unnamed%2B%252811%2529.jpg?ssl=1\" imageanchor=\"1\" style=\"margin-left: 1em; margin-right: 1em;\"><img data-recalc-dims=\"1\" loading=\"lazy\" decoding=\"async\" border=\"0\" height=\"316\" src=\"https:\/\/i0.wp.com\/llibresalrepla.cat\/wp-content\/uploads\/2017\/04\/unnamed281129.jpg?resize=640%2C316\" width=\"640\" \/><\/a><\/div>\n","protected":false},"excerpt":{"rendered":"<p>Just acabem de passar la festa de Sant Jordi i encara est\u00e0 molt present la 54 edici\u00f3 de la Fira del llibre infantil i juvenil de Bolonya, on aquest any Catalunya i les Illes Balears han estat convidades d\u2019honor. Una experi\u00e8ncia molt especial que hem pogut viure molt\u00edssims il\u00b7lustradors de<\/p>\n","protected":false},"author":11,"featured_media":837,"comment_status":"open","ping_status":"open","sticky":false,"template":"","format":"standard","meta":{"_jetpack_newsletter_access":"","_jetpack_dont_email_post_to_subs":false,"_jetpack_newsletter_tier_id":0,"_jetpack_memberships_contains_paywalled_content":false,"_jetpack_memberships_contains_paid_content":false,"footnotes":"","jetpack_publicize_message":"","jetpack_publicize_feature_enabled":true,"jetpack_social_post_already_shared":true,"jetpack_social_options":{"image_generator_settings":{"template":"highway","default_image_id":0,"font":"","enabled":false},"version":2},"jetpack_post_was_ever_published":false},"categories":[48],"tags":[45,57],"class_list":["post-479","post","type-post","status-publish","format-standard","has-post-thumbnail","hentry","category-2n-1a","tag-album-illustrat","tag-noticies"],"jetpack_publicize_connections":[],"jetpack_featured_media_url":"https:\/\/i0.wp.com\/llibresalrepla.cat\/wp-content\/uploads\/2017\/04\/unnamed282829.jpg?fit=400%2C225&ssl=1","jetpack_sharing_enabled":true,"jetpack_shortlink":"https:\/\/wp.me\/p983NL-7J","_links":{"self":[{"href":"https:\/\/llibresalrepla.cat\/index.php?rest_route=\/wp\/v2\/posts\/479","targetHints":{"allow":["GET"]}}],"collection":[{"href":"https:\/\/llibresalrepla.cat\/index.php?rest_route=\/wp\/v2\/posts"}],"about":[{"href":"https:\/\/llibresalrepla.cat\/index.php?rest_route=\/wp\/v2\/types\/post"}],"author":[{"embeddable":true,"href":"https:\/\/llibresalrepla.cat\/index.php?rest_route=\/wp\/v2\/users\/11"}],"replies":[{"embeddable":true,"href":"https:\/\/llibresalrepla.cat\/index.php?rest_route=%2Fwp%2Fv2%2Fcomments&post=479"}],"version-history":[{"count":1,"href":"https:\/\/llibresalrepla.cat\/index.php?rest_route=\/wp\/v2\/posts\/479\/revisions"}],"predecessor-version":[{"id":850,"href":"https:\/\/llibresalrepla.cat\/index.php?rest_route=\/wp\/v2\/posts\/479\/revisions\/850"}],"wp:featuredmedia":[{"embeddable":true,"href":"https:\/\/llibresalrepla.cat\/index.php?rest_route=\/wp\/v2\/media\/837"}],"wp:attachment":[{"href":"https:\/\/llibresalrepla.cat\/index.php?rest_route=%2Fwp%2Fv2%2Fmedia&parent=479"}],"wp:term":[{"taxonomy":"category","embeddable":true,"href":"https:\/\/llibresalrepla.cat\/index.php?rest_route=%2Fwp%2Fv2%2Fcategories&post=479"},{"taxonomy":"post_tag","embeddable":true,"href":"https:\/\/llibresalrepla.cat\/index.php?rest_route=%2Fwp%2Fv2%2Ftags&post=479"}],"curies":[{"name":"wp","href":"https:\/\/api.w.org\/{rel}","templated":true}]}}