{"id":4415,"date":"2019-10-10T19:02:04","date_gmt":"2019-10-10T19:02:04","guid":{"rendered":"http:\/\/llibresalrepla.cat\/?p=4415"},"modified":"2021-04-04T20:12:53","modified_gmt":"2021-04-04T20:12:53","slug":"sobre-la-corda-fluixa-del-medi-ambient","status":"publish","type":"post","link":"https:\/\/llibresalrepla.cat\/?p=4415","title":{"rendered":"Sobre la corda fluixa del medi ambient"},"content":{"rendered":"\n<p>La Baba D\u00fania \u00e9s una \u00e0via que torna a\ncasa, a l\u2019espai d\u2019exclusi\u00f3 de Txern\u00f2bil. Intenta reconstruir la vida en una\nzona morta, amb una for\u00e7a enorme. I la veritat \u00e9s que, amb les sorprenents\nvicissituds que li tocar\u00e0 viure, no s\u2019avorrir\u00e0 gens ni mica.<\/p>\n\n\n\n<div class=\"wp-block-image\"><figure class=\"aligncenter is-resized\"><img data-recalc-dims=\"1\" loading=\"lazy\" decoding=\"async\" src=\"https:\/\/i0.wp.com\/llibresalrepla.cat\/wp-content\/uploads\/2019\/10\/OFF_1-1024x656.jpg?resize=504%2C320\" alt=\"\" class=\"wp-image-4420\" width=\"504\" height=\"320\" srcset=\"https:\/\/i0.wp.com\/llibresalrepla.cat\/wp-content\/uploads\/2019\/10\/OFF_1-1024x656.jpg?resize=160%2C103&amp;ssl=1 160w, https:\/\/i0.wp.com\/llibresalrepla.cat\/wp-content\/uploads\/2019\/10\/OFF_1-1024x656.jpg?zoom=2&amp;resize=504%2C320 1008w\" sizes=\"auto, (max-width: 504px) 100vw, 504px\" \/><figcaption> <em>Off <\/em>\/ Xavier Salom\u00f3<\/figcaption><\/figure><\/div>\n\n\n\n<p>Fa pocs dies, vaig assistir a la\nT\u00e8rmica de la Roca Umbert de Granollers, on Xavier Salom\u00f3 presentava una\nproposta de dinamitzaci\u00f3 sobre <em>Off,<\/em> el seu darrer llibre, pensat per a\nbiblioteques i escoles del nostre pa\u00eds. <\/p>\n\n\n\n<p>Enmig de la foscor de l\u2019interior de la nau, la projecci\u00f3 de les imatges del llibre i la llum d\u2019unes lots en mans d\u2019uns infants mentre observaven el llibre, colpien als assistents. &nbsp;Impactat per la proposta, per\u00f2 sobretot pel contingut del llibre, mentre condu\u00efa cap a casa, reflexionava sobre el contingut d\u2019<em>Off<\/em>, de la Baba D\u00fania i d\u2019una altra meravella editorial il\u00b7lustrada, <em>Una isla<\/em>. I m\u2019adonava que, per pur atzar, tots giraven sobre el mateix: la hist\u00f2ria sempre candent i vigent del medi ambient, del canvi clim\u00e0tic&#8230; <\/p>\n\n\n\n<p>A part de protagonistes tan potents com la Baba D\u00fania o la caputxeta que apareix a <em>Off,<\/em> als llibres hi ha dos protagonistes conceptuals: l\u2019entorn, i l\u2019\u00e9sser hum\u00e0 i tot es pot sintetitzar com una q\u00fcesti\u00f3 d\u2019equilibri entre ambd\u00f3s pols que esdevenen malauradament oposats, una q\u00fcesti\u00f3 d\u2019equilibri entre protagonistes i adversaris, entre claror i foscor, entre destrucci\u00f3 i construcci\u00f3. A la que la balan\u00e7a tomba cap a un cant\u00f3, el desastre. <\/p>\n\n\n\n<div class=\"wp-block-image\"><figure class=\"alignleft is-resized\"><img data-recalc-dims=\"1\" loading=\"lazy\" decoding=\"async\" src=\"https:\/\/i0.wp.com\/llibresalrepla.cat\/wp-content\/uploads\/2019\/10\/isla.jpg?resize=240%2C275\" alt=\"\" class=\"wp-image-4417\" width=\"240\" height=\"275\" srcset=\"https:\/\/i0.wp.com\/llibresalrepla.cat\/wp-content\/uploads\/2019\/10\/isla.jpg?w=1463&amp;ssl=1 1463w, https:\/\/i0.wp.com\/llibresalrepla.cat\/wp-content\/uploads\/2019\/10\/isla.jpg?resize=435%2C500&amp;ssl=1 435w, https:\/\/i0.wp.com\/llibresalrepla.cat\/wp-content\/uploads\/2019\/10\/isla.jpg?resize=768%2C883&amp;ssl=1 768w, https:\/\/i0.wp.com\/llibresalrepla.cat\/wp-content\/uploads\/2019\/10\/isla.jpg?resize=560%2C644&amp;ssl=1 560w, https:\/\/i0.wp.com\/llibresalrepla.cat\/wp-content\/uploads\/2019\/10\/isla.jpg?resize=260%2C299&amp;ssl=1 260w, https:\/\/i0.wp.com\/llibresalrepla.cat\/wp-content\/uploads\/2019\/10\/isla.jpg?resize=160%2C184&amp;ssl=1 160w\" sizes=\"auto, (max-width: 240px) 100vw, 240px\" \/><figcaption><em>Una isla \/ <\/em>Guridi<\/figcaption><\/figure><\/div>\n\n\n\n<p>El conflicte present en qualsevol obra liter\u00e0ria, en aquest cas, sempre ve provocat per la avar\u00edcia insaciable de l\u2019un. L\u2019\u00e9sser hum\u00e0, esdev\u00e9 l\u2019adversari, el dolent de la hist\u00f2ria, enfront de l\u2019entorn. El tema, \u00e9s la destrucci\u00f3 i l\u2019objectiu o desenlla\u00e7, la reconstrucci\u00f3, salpebrat, per sort, amb una mica d\u2019esperan\u00e7a.<\/p>\n\n\n\n<p><em>L\u2019\u00faltim amor de Baba D\u00fania, Off <\/em>i <em>Una isla<\/em>, si una cosa fan, \u00e9s mostrar escenaris que tot i inventats i obscurs, s\u00f3n reals en alguns espais del planeta, fruit d\u2019aquest equilibri desequilibrat constantment. Amb ells, els autors suggereixen i ofereixen molts fils on agafar-se per a la reflexi\u00f3, individual o en grup, i per a un debat que pot esdevenir intens i ric en una classe, o b\u00e9, en un club de lectura.<\/p>\n\n\n\n<p><\/p>\n\n\n\n<div class=\"wp-block-image\"><figure class=\"alignright is-resized\"><img data-recalc-dims=\"1\" loading=\"lazy\" decoding=\"async\" src=\"https:\/\/i0.wp.com\/llibresalrepla.cat\/wp-content\/uploads\/2019\/10\/offportada.jpg?resize=264%2C338\" alt=\"\" class=\"wp-image-4421\" width=\"264\" height=\"338\" srcset=\"https:\/\/i0.wp.com\/llibresalrepla.cat\/wp-content\/uploads\/2019\/10\/offportada.jpg?resize=1717%2C2200&amp;ssl=1 1717w, https:\/\/i0.wp.com\/llibresalrepla.cat\/wp-content\/uploads\/2019\/10\/offportada.jpg?resize=390%2C500&amp;ssl=1 390w, https:\/\/i0.wp.com\/llibresalrepla.cat\/wp-content\/uploads\/2019\/10\/offportada.jpg?resize=768%2C984&amp;ssl=1 768w, https:\/\/i0.wp.com\/llibresalrepla.cat\/wp-content\/uploads\/2019\/10\/offportada.jpg?resize=560%2C717&amp;ssl=1 560w, https:\/\/i0.wp.com\/llibresalrepla.cat\/wp-content\/uploads\/2019\/10\/offportada.jpg?resize=260%2C333&amp;ssl=1 260w, https:\/\/i0.wp.com\/llibresalrepla.cat\/wp-content\/uploads\/2019\/10\/offportada.jpg?resize=160%2C205&amp;ssl=1 160w, https:\/\/i0.wp.com\/llibresalrepla.cat\/wp-content\/uploads\/2019\/10\/offportada.jpg?w=1800 1800w\" sizes=\"auto, (max-width: 264px) 100vw, 264px\" \/><\/figure><\/div>\n\n\n\n<p>SALOM\u00d3, Xavier. <em>Off. <\/em>Barcelona:\nFlamboyant, 2019. 52 p.<\/p>\n\n\n\n<p>\u00c9s un llibre \u00e0lbum sense text. La protagonista \u00e9s una nena amb caputxa vermella que cavalca dalt d\u2019un c\u00e9rvol. El paisatge, post apocal\u00edptic. L\u2019objectiu, lluitar envers una central nuclear. Ella ve a ser com un Quixot contra els molins, que desitja tornar la vida a l\u2019entorn. L\u2019ajudant, el c\u00e9rvol que, per aconseguir-ho, hi deixa les banyes, literalment. L\u2019autor, tamb\u00e9, metaf\u00f2ricament. El resultat, sublim!<\/p>\n\n\n\n<p>A Fran\u00e7a, fa cinc anys que circula i\nha recollit un grapat de premis i molts elogis lectors. No \u00e9s un llibre senzill,\nper\u00f2 si, po\u00e8tic i suggeridor. Els prescriptors, hi tenen un paper clau.<\/p>\n\n\n\n<p>Els contraris s\u00f3n evidents: mort i\nvida, foscor i verdor, destrucci\u00f3 i construcci\u00f3. I els desequilibris i\nequilibris, tamb\u00e9.<\/p>\n\n\n\n<div class=\"wp-block-image\"><figure class=\"alignleft is-resized\"><img data-recalc-dims=\"1\" loading=\"lazy\" decoding=\"async\" src=\"https:\/\/i0.wp.com\/llibresalrepla.cat\/wp-content\/uploads\/2019\/10\/islaguridi.jpg?resize=235%2C279\" alt=\"\" class=\"wp-image-4419\" width=\"235\" height=\"279\" srcset=\"https:\/\/i0.wp.com\/llibresalrepla.cat\/wp-content\/uploads\/2019\/10\/islaguridi.jpg?w=1075&amp;ssl=1 1075w, https:\/\/i0.wp.com\/llibresalrepla.cat\/wp-content\/uploads\/2019\/10\/islaguridi.jpg?resize=420%2C500&amp;ssl=1 420w, https:\/\/i0.wp.com\/llibresalrepla.cat\/wp-content\/uploads\/2019\/10\/islaguridi.jpg?resize=768%2C914&amp;ssl=1 768w, https:\/\/i0.wp.com\/llibresalrepla.cat\/wp-content\/uploads\/2019\/10\/islaguridi.jpg?resize=560%2C667&amp;ssl=1 560w, https:\/\/i0.wp.com\/llibresalrepla.cat\/wp-content\/uploads\/2019\/10\/islaguridi.jpg?resize=260%2C310&amp;ssl=1 260w, https:\/\/i0.wp.com\/llibresalrepla.cat\/wp-content\/uploads\/2019\/10\/islaguridi.jpg?resize=160%2C191&amp;ssl=1 160w\" sizes=\"auto, (max-width: 235px) 100vw, 235px\" \/><\/figure><\/div>\n\n\n\n<p>CHABBERT, Ingrid. <em>Una isla. <\/em>Il\u00b7lustr.\nGuridi. Sevilla: Tres Tigres Tristes, 2019. 40p.<\/p>\n\n\n\n<p><em>Una isla<\/em> \u00e9s una\nobra plena de color i claror abans de la portada. L\u2019\u00e9sser hum\u00e0 hi comen\u00e7a a\nabocar \u201call\u00f2\u201d i de mica en mica a ennegrir-la, a destruir-la.<\/p>\n\n\n\n<p>Aquest t\u00e0ndem que ja ha ofert altres obres estel\u00b7lars -com ara <em>El d\u00eda que me convert\u00ed en p\u00e1jaro<\/em> (Tres Tigres tristes, 2015), o b\u00e9, <em>L\u2019enorme i malvat Ferotge<\/em> (Br\u00faixola, 2016), fa un treball d\u2019orfebre amb el m\u00ednim de tra\u00e7os i amb el m\u00ednim de text per descriure l\u2019acci\u00f3 humana -per dir-ho finament- sobre l\u2019entorn. Com <em>Off<\/em>, ofereix diversitat de fils pel debat, per la reflexi\u00f3 i la conscienciaci\u00f3.<\/p>\n\n\n\n<p><\/p>\n\n\n\n<div class=\"wp-block-image\"><figure class=\"alignright is-resized\"><img data-recalc-dims=\"1\" loading=\"lazy\" decoding=\"async\" src=\"https:\/\/i0.wp.com\/llibresalrepla.cat\/wp-content\/uploads\/2019\/10\/baba.jpg?resize=208%2C312\" alt=\"\" class=\"wp-image-4416\" width=\"208\" height=\"312\" srcset=\"https:\/\/i0.wp.com\/llibresalrepla.cat\/wp-content\/uploads\/2019\/10\/baba.jpg?w=683&amp;ssl=1 683w, https:\/\/i0.wp.com\/llibresalrepla.cat\/wp-content\/uploads\/2019\/10\/baba.jpg?resize=333%2C500&amp;ssl=1 333w, https:\/\/i0.wp.com\/llibresalrepla.cat\/wp-content\/uploads\/2019\/10\/baba.jpg?resize=560%2C840&amp;ssl=1 560w, https:\/\/i0.wp.com\/llibresalrepla.cat\/wp-content\/uploads\/2019\/10\/baba.jpg?resize=260%2C390&amp;ssl=1 260w, https:\/\/i0.wp.com\/llibresalrepla.cat\/wp-content\/uploads\/2019\/10\/baba.jpg?resize=160%2C240&amp;ssl=1 160w\" sizes=\"auto, (max-width: 208px) 100vw, 208px\" \/><\/figure><\/div>\n\n\n\n<p>BRONSKY, Alina. <em>L\u2019ultim amor de\nBaba D\u00fania. <\/em>Barcelona: Les hores, 2019. 136 p. <\/p>\n\n\n\n<p>Aquesta \u00e9s una novel\u00b7la per a adults. En un entorn mort, una colla d\u2019avis que no tenen res a perdre, intenten tirar la vida endavant, amb ben poca cosa. Un entorn complexa, oblidat, i tot de situacions surrealistes, sovint amables; de tant en tant, sinistres; i amb un personatge immens i captivador.<\/p>\n\n\n\n<p>I cal no oblidar un llibre m\u00edtic sobre\nel tema que es va editar al nostre pa\u00eds, el 1983. B\u00e9 es mereixeria una edici\u00f3\nactual. El tema segueix sobre la taula: BRIGGS, Raymond. <em>Cuando el viento\nsopla.<\/em><\/p>\n\n\n\n<figure class=\"wp-block-image\"><img data-recalc-dims=\"1\" loading=\"lazy\" decoding=\"async\" width=\"900\" height=\"425\" src=\"https:\/\/i0.wp.com\/llibresalrepla.cat\/wp-content\/uploads\/2019\/10\/briggs.jpg?resize=900%2C425\" alt=\"\" class=\"wp-image-4423\" srcset=\"https:\/\/i0.wp.com\/llibresalrepla.cat\/wp-content\/uploads\/2019\/10\/briggs.jpg?w=1169&amp;ssl=1 1169w, https:\/\/i0.wp.com\/llibresalrepla.cat\/wp-content\/uploads\/2019\/10\/briggs.jpg?resize=500%2C236&amp;ssl=1 500w, https:\/\/i0.wp.com\/llibresalrepla.cat\/wp-content\/uploads\/2019\/10\/briggs.jpg?resize=768%2C363&amp;ssl=1 768w, https:\/\/i0.wp.com\/llibresalrepla.cat\/wp-content\/uploads\/2019\/10\/briggs.jpg?resize=560%2C264&amp;ssl=1 560w, https:\/\/i0.wp.com\/llibresalrepla.cat\/wp-content\/uploads\/2019\/10\/briggs.jpg?resize=260%2C123&amp;ssl=1 260w, https:\/\/i0.wp.com\/llibresalrepla.cat\/wp-content\/uploads\/2019\/10\/briggs.jpg?resize=160%2C76&amp;ssl=1 160w\" sizes=\"auto, (max-width: 900px) 100vw, 900px\" \/><\/figure>\n\n\n\n<p>I molta teca dels darrers temps per a\nenriquir el debat. Entre d\u2019altres:<\/p>\n\n\n\n<ul class=\"wp-block-list\"><li>BARROUX. <em>On \u00e9s l\u2019elefant? <\/em>Sant Cugat V.: S\u00edmbol,\n2016<\/li><li>BILLAUDEAU, Julien. <em>Res de res. <\/em>Sant Feliu de\nGu\u00edxols: Tramuntana, 2017<\/li><li>BLOM, Kirsti; GABRIELSEN, Geir Wing. <em>Un mar de\npl\u00e0stics. <\/em>Barcelona: Takatuka, 2018<\/li><li>BOISROBERT, Anouck; RIGAUD, Louis. <em>La selva del\nperes\u00f3s. <\/em>Barcelona: Cru\u00eflla, 2012<\/li><li>KUHLMANN, Torben. <em>Moletown : La ciutat dels talps. <\/em>Barcelona:\nJoventut, 2015<\/li><\/ul>\n","protected":false},"excerpt":{"rendered":"<p>La Baba D\u00fania \u00e9s una \u00e0via que torna a casa, a l\u2019espai d\u2019exclusi\u00f3 de Txern\u00f2bil. Intenta reconstruir la vida en una zona morta, amb una for\u00e7a enorme. I la veritat \u00e9s que, amb les sorprenents vicissituds que li tocar\u00e0 viure, no s\u2019avorrir\u00e0 gens ni mica. Fa pocs dies, vaig assistir<\/p>\n","protected":false},"author":13,"featured_media":4418,"comment_status":"open","ping_status":"open","sticky":false,"template":"","format":"standard","meta":{"_jetpack_newsletter_access":"","_jetpack_dont_email_post_to_subs":false,"_jetpack_newsletter_tier_id":0,"_jetpack_memberships_contains_paywalled_content":false,"_jetpack_memberships_contains_paid_content":false,"footnotes":"","jetpack_publicize_message":"","jetpack_publicize_feature_enabled":true,"jetpack_social_post_already_shared":true,"jetpack_social_options":{"image_generator_settings":{"template":"highway","default_image_id":0,"font":"","enabled":false},"version":2},"jetpack_post_was_ever_published":false},"categories":[51],"tags":[45],"class_list":["post-4415","post","type-post","status-publish","format-standard","has-post-thumbnail","hentry","category-1r-2a","tag-album-illustrat"],"jetpack_publicize_connections":[],"jetpack_featured_media_url":"https:\/\/i0.wp.com\/llibresalrepla.cat\/wp-content\/uploads\/2019\/10\/isla2.jpg?fit=2048%2C1219&ssl=1","jetpack_sharing_enabled":true,"jetpack_shortlink":"https:\/\/wp.me\/p983NL-19d","_links":{"self":[{"href":"https:\/\/llibresalrepla.cat\/index.php?rest_route=\/wp\/v2\/posts\/4415","targetHints":{"allow":["GET"]}}],"collection":[{"href":"https:\/\/llibresalrepla.cat\/index.php?rest_route=\/wp\/v2\/posts"}],"about":[{"href":"https:\/\/llibresalrepla.cat\/index.php?rest_route=\/wp\/v2\/types\/post"}],"author":[{"embeddable":true,"href":"https:\/\/llibresalrepla.cat\/index.php?rest_route=\/wp\/v2\/users\/13"}],"replies":[{"embeddable":true,"href":"https:\/\/llibresalrepla.cat\/index.php?rest_route=%2Fwp%2Fv2%2Fcomments&post=4415"}],"version-history":[{"count":7,"href":"https:\/\/llibresalrepla.cat\/index.php?rest_route=\/wp\/v2\/posts\/4415\/revisions"}],"predecessor-version":[{"id":4429,"href":"https:\/\/llibresalrepla.cat\/index.php?rest_route=\/wp\/v2\/posts\/4415\/revisions\/4429"}],"wp:featuredmedia":[{"embeddable":true,"href":"https:\/\/llibresalrepla.cat\/index.php?rest_route=\/wp\/v2\/media\/4418"}],"wp:attachment":[{"href":"https:\/\/llibresalrepla.cat\/index.php?rest_route=%2Fwp%2Fv2%2Fmedia&parent=4415"}],"wp:term":[{"taxonomy":"category","embeddable":true,"href":"https:\/\/llibresalrepla.cat\/index.php?rest_route=%2Fwp%2Fv2%2Fcategories&post=4415"},{"taxonomy":"post_tag","embeddable":true,"href":"https:\/\/llibresalrepla.cat\/index.php?rest_route=%2Fwp%2Fv2%2Ftags&post=4415"}],"curies":[{"name":"wp","href":"https:\/\/api.w.org\/{rel}","templated":true}]}}