{"id":4322,"date":"2019-06-21T09:32:11","date_gmt":"2019-06-21T09:32:11","guid":{"rendered":"http:\/\/llibresalrepla.cat\/?p=4322"},"modified":"2019-06-28T06:30:41","modified_gmt":"2019-06-28T06:30:41","slug":"els-llibres-son-per-a-lestiu","status":"publish","type":"post","link":"https:\/\/llibresalrepla.cat\/?p=4322","title":{"rendered":"Els llibres s\u00f3n per a l&#8217;estiu"},"content":{"rendered":"\n<p class=\"has-background has-pale-cyan-blue-background-color\"><strong>Diuen que les bicicletes s\u00f3n per a l&#8217;estiu, com b\u00e9 encap\u00e7ala aquesta nova entrada de Llibres al Repl\u00e0, per\u00f2 els que realment s\u00f3n per a l&#8217;estiu s\u00f3n els llibres. I \u00e9s que res millor que durant una tarda calorosa d&#8217;agost estirar-se en una hamaca i tapar-se els ulls amb un llibre per fer la migdiada. B\u00e9, i per llegir-lo, per suposat. Sigui com sigui, els llibres d&#8217;estiu tenen aquell regust especial de vacances que se&#8217;ns grava a la mem\u00f2ria. \u00c9s per aix\u00f2 que a continuaci\u00f3 us en fem una selecci\u00f3 per triar i remenar. <\/strong><\/p>\n\n\n\n<p><strong>1r 1a<\/strong><\/p>\n\n\n\n<div class=\"wp-block-image\"><figure class=\"alignleft is-resized\"><img data-recalc-dims=\"1\" loading=\"lazy\" decoding=\"async\" src=\"https:\/\/i0.wp.com\/llibresalrepla.cat\/wp-content\/uploads\/2019\/06\/descarga-1.jpg?resize=163%2C129\" alt=\"\" class=\"wp-image-4344\" width=\"163\" height=\"129\" srcset=\"https:\/\/i0.wp.com\/llibresalrepla.cat\/wp-content\/uploads\/2019\/06\/descarga-1.jpg?w=252&amp;ssl=1 252w, https:\/\/i0.wp.com\/llibresalrepla.cat\/wp-content\/uploads\/2019\/06\/descarga-1.jpg?resize=160%2C127&amp;ssl=1 160w\" sizes=\"auto, (max-width: 163px) 100vw, 163px\" \/><\/figure><\/div>\n\n\n\n<p>COMELLES, Salvador. <em>Bon\u00edssim. Poemes per llepar-se\u2019n els dits<\/em> Il\u00b7lustracions Merc\u00e8 Gal\u00ed.\nBarcelona. P.A.M, 2019.<\/p>\n\n\n\n<p>Si l\u2019estiu \u00e9s fet per aplegar els amics al voltant d\u2019un tiberi, no deixeu d\u2019aportar-hi aquest espl\u00e8ndid recull de poemes d\u2019un dels autors catalans m\u00e9s estimables del moment. Poemes per parar taula, per recitar davant un plat de macarrons, endevinalles rimades. El t\u00edtol no enganya: \u00e9s un llibre bon\u00edssim que fa venir ganes d\u2019atipar-se de riure i de jugar amb els mots.<\/p>\n\n\n\n<div class=\"wp-block-image\"><figure class=\"alignleft is-resized\"><img data-recalc-dims=\"1\" loading=\"lazy\" decoding=\"async\" src=\"https:\/\/i0.wp.com\/llibresalrepla.cat\/wp-content\/uploads\/2019\/06\/9788426145444.jpg?resize=153%2C170\" alt=\"\" class=\"wp-image-4345\" width=\"153\" height=\"170\" srcset=\"https:\/\/i0.wp.com\/llibresalrepla.cat\/wp-content\/uploads\/2019\/06\/9788426145444.jpg?w=1078&amp;ssl=1 1078w, https:\/\/i0.wp.com\/llibresalrepla.cat\/wp-content\/uploads\/2019\/06\/9788426145444.jpg?resize=449%2C500&amp;ssl=1 449w, https:\/\/i0.wp.com\/llibresalrepla.cat\/wp-content\/uploads\/2019\/06\/9788426145444.jpg?resize=768%2C855&amp;ssl=1 768w, https:\/\/i0.wp.com\/llibresalrepla.cat\/wp-content\/uploads\/2019\/06\/9788426145444.jpg?resize=560%2C623&amp;ssl=1 560w, https:\/\/i0.wp.com\/llibresalrepla.cat\/wp-content\/uploads\/2019\/06\/9788426145444.jpg?resize=260%2C289&amp;ssl=1 260w, https:\/\/i0.wp.com\/llibresalrepla.cat\/wp-content\/uploads\/2019\/06\/9788426145444.jpg?resize=160%2C178&amp;ssl=1 160w\" sizes=\"auto, (max-width: 153px) 100vw, 153px\" \/><\/figure><\/div>\n\n\n\n<p>DUNBAR, Joyce. <em>L\u2019\u00e0nec emmurriat<\/em>. Il.lustracions de Petr Hor\u00e0cek. Barcelona:\nJoventut, 2019.<\/p>\n\n\n\n<p>Amb unes imatges espl\u00e8ndides i un text d\u2019all\u00f2 m\u00e9s entenedor, assistim al progressiu ascens del mal humor d\u2019un \u00e0nec, que acabar\u00e0 encomanant-se als seus amics de joc, fins a esclatar com una tempesta, rere la qual apareixer\u00e0 l\u2019arc de sant Mart\u00ed. Molts infants menuts es senten molt identificats amb aquest \u00e0nec i amb el nuvolot gris que plana damunt el seu caparr\u00f3.    <\/p>\n\n\n\n<p>                                                                                                                            <\/p>\n\n\n\n<div class=\"wp-block-image\"><figure class=\"alignleft is-resized\"><img data-recalc-dims=\"1\" loading=\"lazy\" decoding=\"async\" src=\"https:\/\/i0.wp.com\/llibresalrepla.cat\/wp-content\/uploads\/2019\/06\/3516_9788483435687.jpg?resize=174%2C250\" alt=\"\" class=\"wp-image-4346\" width=\"174\" height=\"250\" srcset=\"https:\/\/i0.wp.com\/llibresalrepla.cat\/wp-content\/uploads\/2019\/06\/3516_9788483435687.jpg?w=469&amp;ssl=1 469w, https:\/\/i0.wp.com\/llibresalrepla.cat\/wp-content\/uploads\/2019\/06\/3516_9788483435687.jpg?resize=347%2C500&amp;ssl=1 347w, https:\/\/i0.wp.com\/llibresalrepla.cat\/wp-content\/uploads\/2019\/06\/3516_9788483435687.jpg?resize=260%2C374&amp;ssl=1 260w, https:\/\/i0.wp.com\/llibresalrepla.cat\/wp-content\/uploads\/2019\/06\/3516_9788483435687.jpg?resize=160%2C230&amp;ssl=1 160w\" sizes=\"auto, (max-width: 174px) 100vw, 174px\" \/><\/figure><\/div>\n\n\n\n<p>AVI. <em>La\nguerra dels botons<\/em>. Barcelona: Bamb\u00fa, 2019.<\/p>\n\n\n\n<p>Sens dubte, una de les millors novel\u00b7les juvenils de l\u2019any. Sens dubte tamb\u00e9, el nord-americ\u00e0 escriptor Avi excel\u00b7leix en les novel\u00b7les de rerefons hist\u00f2ric. Aqu\u00ed el relat ens situa en un poble fronterer durant la segona guerra mundial. Un petit poble que pateix, en pr\u00f2pia pell, i molt especialment en la dels seus habitants m\u00e9s joves, la crueltat i inutilitat de la guerra. Poqu\u00edssimes vegades hem llegit p\u00e0gines que mostrin tan directament al lector l\u2019absurd i el desconcert d\u2019una guerra. Espl\u00e8ndid.<\/p>\n\n\n\n<p><strong>1r 2a<\/strong><\/p>\n\n\n\n<div class=\"wp-block-image\"><figure class=\"alignleft is-resized\"><img data-recalc-dims=\"1\" loading=\"lazy\" decoding=\"async\" src=\"https:\/\/i0.wp.com\/llibresalrepla.cat\/wp-content\/uploads\/2019\/06\/la-jaula.jpg?resize=187%2C244\" alt=\"\" class=\"wp-image-4324\" width=\"187\" height=\"244\" srcset=\"https:\/\/i0.wp.com\/llibresalrepla.cat\/wp-content\/uploads\/2019\/06\/la-jaula.jpg?resize=381%2C500&amp;ssl=1 381w, https:\/\/i0.wp.com\/llibresalrepla.cat\/wp-content\/uploads\/2019\/06\/la-jaula.jpg?resize=560%2C735&amp;ssl=1 560w, https:\/\/i0.wp.com\/llibresalrepla.cat\/wp-content\/uploads\/2019\/06\/la-jaula.jpg?resize=260%2C341&amp;ssl=1 260w, https:\/\/i0.wp.com\/llibresalrepla.cat\/wp-content\/uploads\/2019\/06\/la-jaula.jpg?resize=160%2C210&amp;ssl=1 160w\" sizes=\"auto, (max-width: 187px) 100vw, 187px\" \/><\/figure><\/div>\n\n\n\n<p>MACHADO,\nGerm\u00e1n. <em>La jaula. <\/em>Il\u00b7lustr. Cecilia Varela. Buenos Aires: Calibroscopio.\n36 p.<\/p>\n\n\n\n<p>Germ\u00e1n Machado, a m\u00e9s d\u2019un excel\u00b7lent llibreter de cap\u00e7alera, \u00e9s un escriptor enginy\u00f3s i sensible que ha conreuat diversos g\u00e8neres. O potser primer era escriptor? Jo l&#8217;he descobert primer com a llibreter. L&#8217;altra, per a mi, li va al darrera. <em>La jaula<\/em> \u00e9s un llibre \u00e0lbum sorprenent que aborda el tema recurrent dels infants i les mascotes. El desenvolupament, i especialment el desenlla\u00e7, per\u00f2, no tenen res de recurrents. Un final espl\u00e8ndid a una hist\u00f2ria sorprenent sobre un tema delicat. Un \u00e0lbum indispensable, que toca les fibres m\u00e9s sensibles, i que pren encara una mica m\u00e9s volada amb les il\u00b7lustracions de Cecilia Varela.<\/p>\n\n\n\n<div class=\"wp-block-image\"><figure class=\"alignleft is-resized\"><img data-recalc-dims=\"1\" loading=\"lazy\" decoding=\"async\" src=\"https:\/\/i0.wp.com\/llibresalrepla.cat\/wp-content\/uploads\/2019\/06\/canosa.jpeg?resize=158%2C250\" alt=\"\" class=\"wp-image-4323\" width=\"158\" height=\"250\" srcset=\"https:\/\/i0.wp.com\/llibresalrepla.cat\/wp-content\/uploads\/2019\/06\/canosa.jpeg?w=179&amp;ssl=1 179w, https:\/\/i0.wp.com\/llibresalrepla.cat\/wp-content\/uploads\/2019\/06\/canosa.jpeg?resize=160%2C252&amp;ssl=1 160w\" sizes=\"auto, (max-width: 158px) 100vw, 158px\" \/><\/figure><\/div>\n\n\n\n<p>CANOSA, Oriol. <em>L\u2019\u00faltim vol de la\nfam\u00edlia Dumont. <\/em>Il\u00b7lustr. J\u00falia Moscard\u00f3. Barcelona: Animallibres, 2019.\n118 p. (La formiga; 98)<\/p>\n\n\n\n<p>L\u2019Oriol Canosa tamb\u00e9 \u00e9s llibreter, encara que el vaig con\u00e8ixer primer com a escriptor. Despr\u00e9s de sorprendre el m\u00f3n literari amb <em>L\u2019illa de Paidon\u00e8sia<\/em>, ara torna amb una fam\u00edlia exc\u00e8ntrica i particular que habita en un zepel\u00ed i que fa anys que no toca terra ferma. En aquest llibre, acompanyats d\u2019uns periodistes que volen con\u00e8ixer la seva epopeia i d\u2019un inspector de vols, viuran una intensa aventura enmig d\u2019una tempesta enorme. A part de l\u2019aventura, hi destaca la barreja de ficci\u00f3 i no ficci\u00f3, l\u2019originalitat de la proposta, els peculiars personatges -tots adults- i la ironia de l\u2019autor en les  situacions m\u00e9s incre\u00efbles. <\/p>\n\n\n\n<div class=\"wp-block-image\"><figure class=\"alignleft is-resized\"><img data-recalc-dims=\"1\" loading=\"lazy\" decoding=\"async\" src=\"https:\/\/i0.wp.com\/llibresalrepla.cat\/wp-content\/uploads\/2019\/06\/por.jpeg?resize=164%2C273\" alt=\"\" class=\"wp-image-4325\" width=\"164\" height=\"273\" srcset=\"https:\/\/i0.wp.com\/llibresalrepla.cat\/wp-content\/uploads\/2019\/06\/por.jpeg?w=236&amp;ssl=1 236w, https:\/\/i0.wp.com\/llibresalrepla.cat\/wp-content\/uploads\/2019\/06\/por.jpeg?resize=160%2C266&amp;ssl=1 160w\" sizes=\"auto, (max-width: 164px) 100vw, 164px\" \/><\/figure><\/div>\n\n\n\n<p>SANTOS, Care. <em>Por. <\/em>Barcelona:\nEdeb\u00e9, 2019. 300 p. (Periscopi; 39)<\/p>\n\n\n\n<p>Despr\u00e9s de les exitoses dues obres precedents &#8211;<em>Mentida<\/em> i <em>Veritat- <\/em>protagonitzades pel jove \u00c8ric, Care Santos ens en presenta una tercera, i posa els personatges en situacions compromeses de la vida, davant de l\u2019abisme. Situacions d\u2019aquelles que provoquen una por tremenda sobre com afrontar-ho i que poden portar a alg\u00fa al su\u00efcidi. L\u2019\u00c8ric, la X\u00e8nia, l\u2019Hugo s\u00f3n personatges de carn i \u00f3ssos que, com tots, aprenen a viure sense manual d\u2019instruccions i no ho tenen gens f\u00e0cil. Estil planer, ritme \u00e0gil, conflictes potents i uns personatges cada vegada m\u00e9s propers. Tot forjat per una autora que escriu amb el mateix rigor per a adults que com ho fa per a joves lectors. I si no afegiu a la bossa de la platja o a la motxilla de la muntanya alguna de les seves novel\u00b7les m\u00e9s recents com pot ser&nbsp;<em>Tot el b\u00e9 i tot el mal<\/em> (Columna, 2018) <\/p>\n\n\n\n<p><strong>2n 2a<\/strong> <\/p>\n\n\n\n<div class=\"wp-block-image\"><figure class=\"alignleft is-resized\"><img loading=\"lazy\" decoding=\"async\" src=\"https:\/\/i0.wp.com\/llibresalrepla.cat\/wp-content\/uploads\/2019\/06\/9788412009637.jpg?fit=752%2C694\" alt=\"\" class=\"wp-image-4373\" width=\"269\" height=\"248\" srcset=\"https:\/\/i0.wp.com\/llibresalrepla.cat\/wp-content\/uploads\/2019\/06\/9788412009637.jpg?w=4011&amp;ssl=1 4011w, https:\/\/i0.wp.com\/llibresalrepla.cat\/wp-content\/uploads\/2019\/06\/9788412009637.jpg?resize=500%2C461&amp;ssl=1 500w, https:\/\/i0.wp.com\/llibresalrepla.cat\/wp-content\/uploads\/2019\/06\/9788412009637.jpg?resize=768%2C709&amp;ssl=1 768w, https:\/\/i0.wp.com\/llibresalrepla.cat\/wp-content\/uploads\/2019\/06\/9788412009637.jpg?resize=560%2C517&amp;ssl=1 560w, https:\/\/i0.wp.com\/llibresalrepla.cat\/wp-content\/uploads\/2019\/06\/9788412009637.jpg?resize=260%2C240&amp;ssl=1 260w, https:\/\/i0.wp.com\/llibresalrepla.cat\/wp-content\/uploads\/2019\/06\/9788412009637.jpg?resize=160%2C148&amp;ssl=1 160w, https:\/\/i0.wp.com\/llibresalrepla.cat\/wp-content\/uploads\/2019\/06\/9788412009637.jpg?w=1800 1800w, https:\/\/i0.wp.com\/llibresalrepla.cat\/wp-content\/uploads\/2019\/06\/9788412009637.jpg?w=2700 2700w\" sizes=\"auto, (max-width: 269px) 100vw, 269px\" \/><\/figure><\/div>\n\n\n\n<p>PERRAULT, Charles <em>El petit polzet<\/em>. Fotografies: Pere Formiguera. Adaptaci\u00f3 Albert Jan\u00e9. Barcelona: Associaci\u00f3 de Mestres Rosa Sensat, 2019<\/p>\n\n\n\n<p>Reedici\u00f3 d\u2019un CL\u00c0SSIC, en maj\u00fascules, tant pel conte en s\u00ed mateix, una de les millors hist\u00f2ries de la literatura infantil de tots els temps adaptat per Alber Jan\u00e9, com per la seva realitzaci\u00f3 per part del fot\u00f2graf i artista Pere Formiguera. Les il\u00b7lustracions del Petit Polzet estan compostes per diverses fotografies realitzades separadament amb els m\u00e8todes habituals i tractades amb procediments inform\u00e0tics fins a aconseguir la imatge definitiva. Aix\u00f2 s\u2019esdevingu\u00e9 el 1994, a les beceroles dels programes de tractament d\u2019imatges, i supos\u00e0 una aut\u00e8ntica revoluci\u00f3 per l\u2019\u00e8poca, especialment pel que fa a la seva aplicaci\u00f3 a la literatura infantil. Un testimoni de la hist\u00f2ria de la literatura infantil catalana que veu de nou la llum, una obra \u00fanica d\u2019un artista avan\u00e7at per la seva \u00e8poca: Pere Formiguera (Sant Cugat del Vall\u00e8s, 1952 \u2013 Barcelona, 2013). <\/p>\n\n\n\n<div class=\"wp-block-image\"><figure class=\"alignleft is-resized\"><img data-recalc-dims=\"1\" loading=\"lazy\" decoding=\"async\" src=\"https:\/\/i0.wp.com\/llibresalrepla.cat\/wp-content\/uploads\/2019\/06\/portada_moxie_jennifer-mathieu_201803282039.jpg?resize=194%2C297\" alt=\"\" class=\"wp-image-4365\" width=\"194\" height=\"297\" srcset=\"https:\/\/i0.wp.com\/llibresalrepla.cat\/wp-content\/uploads\/2019\/06\/portada_moxie_jennifer-mathieu_201803282039.jpg?w=252&amp;ssl=1 252w, https:\/\/i0.wp.com\/llibresalrepla.cat\/wp-content\/uploads\/2019\/06\/portada_moxie_jennifer-mathieu_201803282039.jpg?resize=160%2C245&amp;ssl=1 160w\" sizes=\"auto, (max-width: 194px) 100vw, 194px\" \/><\/figure><\/div>\n\n\n\n<p>MATHIEU, Jennifer. <strong><em>Moxie: la revoluci\u00f3 de les noies<\/em><\/strong>. Trad. Llu\u00eds Delgado Pic\u00f3. Barcelona: Ed62 (Fanbooks), 2018  <\/p>\n\n\n\n<p>La Vivian Carter est\u00e0 farta que a l\u2019institut de secund\u00e0ria de la petita ciutat de Texas on estudia s\u2019afavoreixi els nois de l\u2019equip de futbol americ\u00e0 per sobre de tot. Farta dels codis de vestir sexistes, de l\u2019assetjament als passadissos i dels comentaris masclistes dels nois durant les classes, que ning\u00fa no condemna ni castiga. Per\u00f2, sobretot, est\u00e0 farta de complir sempre les normes. Prenent l\u2019exemple de la seva mare, la Viv vol fer alguna cosa perqu\u00e8 tot aix\u00f2 canvi\u00ef. Per\u00f2 la revoluci\u00f3 de les noies ha comen\u00e7at, encara que sigui a partir d\u2019una petita iniciativa que   sembla que no t\u00e9 \u00e8xit. Una novel\u00b7la que pot encendre una revoluci\u00f3 (encara que nom\u00e9s sigui al teu institut).  <\/p>\n\n\n\n<div class=\"wp-block-image\"><figure class=\"alignleft is-resized\"><img data-recalc-dims=\"1\" loading=\"lazy\" decoding=\"async\" src=\"https:\/\/i0.wp.com\/llibresalrepla.cat\/wp-content\/uploads\/2019\/06\/Portada_Liliana_850x-1.jpg?resize=195%2C259\" alt=\"\" class=\"wp-image-4368\" width=\"195\" height=\"259\" srcset=\"https:\/\/i0.wp.com\/llibresalrepla.cat\/wp-content\/uploads\/2019\/06\/Portada_Liliana_850x-1.jpg?w=850&amp;ssl=1 850w, https:\/\/i0.wp.com\/llibresalrepla.cat\/wp-content\/uploads\/2019\/06\/Portada_Liliana_850x-1.jpg?resize=377%2C500&amp;ssl=1 377w, https:\/\/i0.wp.com\/llibresalrepla.cat\/wp-content\/uploads\/2019\/06\/Portada_Liliana_850x-1.jpg?resize=768%2C1018&amp;ssl=1 768w, https:\/\/i0.wp.com\/llibresalrepla.cat\/wp-content\/uploads\/2019\/06\/Portada_Liliana_850x-1.jpg?resize=560%2C742&amp;ssl=1 560w, https:\/\/i0.wp.com\/llibresalrepla.cat\/wp-content\/uploads\/2019\/06\/Portada_Liliana_850x-1.jpg?resize=260%2C345&amp;ssl=1 260w, https:\/\/i0.wp.com\/llibresalrepla.cat\/wp-content\/uploads\/2019\/06\/Portada_Liliana_850x-1.jpg?resize=160%2C212&amp;ssl=1 160w\" sizes=\"auto, (max-width: 195px) 100vw, 195px\" \/><\/figure><\/div>\n\n\n\n<p>MESTRES, Apel\u00b7les. <em>Liliana<\/em>. Actualitzaci\u00f3 del text Teresa Duran. Barcelona: Ing Edicions (2018). <\/p>\n\n\n\n<p>Si encara no el teniu, no deixeu escapar l&#8217;oportunitat de recuperar aquest bell i \u00fanic cl\u00e0ssic de la literatura catalana. Editat per primera vegada el 1907, aquest poema recull, com b\u00e9 diu en el seu pr\u00f2leg Jordi Vila Delcl\u00f2s, &#8220;tota l&#8217;experi\u00e8ncia d&#8217;un dels m\u00e9s grans il\u00b7lustradors de tots els temps. Veureu com estima la seva feina, el gust pel dibuix i el seu bon gust per la decoraci\u00f3 que il\u00b7lumina les p\u00e0gines&#8221;. I les tardes d&#8217;estiu, caloroses i mandroses, conviden a gaudir a pleret d&#8217;aquest llibre. <\/p>\n\n\n\n<p><strong>3r 1a<\/strong><\/p>\n\n\n\n<div class=\"wp-block-image\"><figure class=\"alignright is-resized\"><img data-recalc-dims=\"1\" loading=\"lazy\" decoding=\"async\" src=\"https:\/\/i0.wp.com\/llibresalrepla.cat\/wp-content\/uploads\/2019\/06\/rosalie.jpg?resize=166%2C194\" alt=\"\" class=\"wp-image-4358\" width=\"166\" height=\"194\" srcset=\"https:\/\/i0.wp.com\/llibresalrepla.cat\/wp-content\/uploads\/2019\/06\/rosalie.jpg?w=208&amp;ssl=1 208w, https:\/\/i0.wp.com\/llibresalrepla.cat\/wp-content\/uploads\/2019\/06\/rosalie.jpg?resize=160%2C187&amp;ssl=1 160w\" sizes=\"auto, (max-width: 166px) 100vw, 166px\" \/><\/figure><\/div>\n\n\n\n<p>DE FOMBELLE, Timoth\u00e9e; ARSENAULT, Isabelle. <em>Capitaine Rosalie<\/em>. Paris: Gallimard, 2019.<\/p>\n\n\n\n<p><em>Capitaine Rosalie<\/em> narra la hist\u00f2ria d&#8217;una nena de sis anys que apr\u00e8n a llegir tota sola per tal d&#8217;esbrinar un secret. Durant l&#8217;hivern de 1917, mare i filla es veuen obligades a romandre soles a casa, a l&#8217;escola i a la f\u00e0brica, mentre el pare serveix la patria. Dalt d&#8217;un armari reposen un quadern i diverses cartes que la mare oculta. Rosalie sap que en aquells papers s&#8217;hi amaguen algunes de les respostes que cerca, i iniciar\u00e0 la proesa de capitanejar, ella mateixa, l&#8217;aventura del saber. Una excel\u00b7lent novel\u00b7la dirigida a primers lectors del ja reconegut Timoth\u00e9e de Fombelle i que compta amb la complementarietat i bellesa de les il\u00b7lustracions d&#8217;Isabelle Arsenault. De moment, l&#8217;obra nom\u00e9s est\u00e0 disponible en franc\u00e8s i seria una ll\u00e0stima que cap dels nostres lectors i editors li dediquessin un especial inter\u00e8s.<\/p>\n\n\n\n<div class=\"wp-block-image\"><figure class=\"alignleft is-resized\"><img data-recalc-dims=\"1\" loading=\"lazy\" decoding=\"async\" src=\"https:\/\/i0.wp.com\/llibresalrepla.cat\/wp-content\/uploads\/2019\/06\/briggs.jpg?resize=190%2C231\" alt=\"\" class=\"wp-image-4355\" width=\"190\" height=\"231\" srcset=\"https:\/\/i0.wp.com\/llibresalrepla.cat\/wp-content\/uploads\/2019\/06\/briggs.jpg?w=412&amp;ssl=1 412w, https:\/\/i0.wp.com\/llibresalrepla.cat\/wp-content\/uploads\/2019\/06\/briggs.jpg?resize=260%2C316&amp;ssl=1 260w, https:\/\/i0.wp.com\/llibresalrepla.cat\/wp-content\/uploads\/2019\/06\/briggs.jpg?resize=160%2C194&amp;ssl=1 160w\" sizes=\"auto, (max-width: 190px) 100vw, 190px\" \/><\/figure><\/div>\n\n\n\n<p>BRIGGS, Raymond. The Snowman. Londres: Puffin, 2018.<\/p>\n\n\n\n<p>Per commemorar els 40 anys de <em>El ninot de neu<\/em> grans segells com Penguin Random House a Gran Bretanya o Gallimard a Fran\u00e7a han publicat una edici\u00f3 limitada d&#8217;aquesta joia de la literatura infantil. Publicat per primera vegada el 1978, <em>El ninot de neu<\/em> \u00e9s un llibre amb una narrativa \u00fanicament visual i fluida a trav\u00e9s de vinyetes que el situen entre l&#8217;\u00e0lbum, la novel\u00b7la gr\u00e0fica i el c\u00f2mic. Esperem que aquesta iniciativa arribi tamb\u00e9 ben aviat a casa nostra on aquest cl\u00e0ssic atemporal es troba, actualment, i molt al nostre pesar descatalogat. <\/p>\n\n\n\n<p>HAUGOMAT, Tom. <em>\u00c0 travers. <\/em>Paris: Thierry Magnier, 2018.<\/p>\n\n\n\n<div class=\"wp-block-image\"><figure class=\"alignright is-resized\"><img data-recalc-dims=\"1\" loading=\"lazy\" decoding=\"async\" src=\"https:\/\/i0.wp.com\/llibresalrepla.cat\/wp-content\/uploads\/2019\/06\/haougomat-1.jpg?resize=180%2C254\" alt=\"\" class=\"wp-image-4357\" width=\"180\" height=\"254\" srcset=\"https:\/\/i0.wp.com\/llibresalrepla.cat\/wp-content\/uploads\/2019\/06\/haougomat-1.jpg?w=500&amp;ssl=1 500w, https:\/\/i0.wp.com\/llibresalrepla.cat\/wp-content\/uploads\/2019\/06\/haougomat-1.jpg?resize=354%2C500&amp;ssl=1 354w, https:\/\/i0.wp.com\/llibresalrepla.cat\/wp-content\/uploads\/2019\/06\/haougomat-1.jpg?resize=260%2C367&amp;ssl=1 260w, https:\/\/i0.wp.com\/llibresalrepla.cat\/wp-content\/uploads\/2019\/06\/haougomat-1.jpg?resize=160%2C226&amp;ssl=1 160w\" sizes=\"auto, (max-width: 180px) 100vw, 180px\" \/><\/figure><\/div>\n\n\n\n<p><em>\u00c0 travers<\/em> \u00e9s un obra que narra \u00fanicament amb imatges instants de vida d\u2019un personatge. L\u2019\u00fanic text que acompanya aquesta novel\u00b7la gr\u00e0fica, a part del t\u00edtol revelador, \u00e9s el mes, l\u2019any i la ubicaci\u00f3 de cada episodi narrat. Al llarg de 184 p\u00e0gines, cada escena \u00e9s un joc que es divideix de manera sim\u00e8trica: una primera imatge a la p\u00e0gina esquerra (verso) on el lector percep l\u2019escena representada a partir de diferents plans gr\u00e0cies a un narrador visual en tercera persona; i una segona imatge, a la p\u00e0gina de la dreta (recto), on s&#8217;esdev\u00e9 protagonista i al mateix temps narrador visual en primera persona on es pot mirar a trav\u00e9s de finestres, binocles, lupes, telescopis o televisors el que hi ha m\u00e9s enll\u00e0. A trav\u00e9s de t\u00e8cniques diverses com el gouache, la serigrafia i el treball digital, aquest jove artista aconsegueix un estil minimalista, japonitzant i altament gr\u00e0fic amb colors intensos i un tra\u00e7 que no se centra en detalls. Les expressions dels personatges per exemple es perceben \u00fanicament a trav\u00e9s del llenguatge corporal i del context, sense la necessitat de dibuixar minuciosament les cares, com si aquests protagonistes pogu\u00e9ssim ser qualsevol de nosaltres. El llibre ofereix una bella hist\u00f2ria visual plena de contrastos, un testimoni de vida d\u2019un ser apassionat i curi\u00f3s per all\u00f2 petit com els insectes i per all\u00f2 infinitament gran com l\u2019espai.<br><\/p>\n\n\n\n<p><\/p>\n\n\n\n<p><strong>3r 2a<\/strong><\/p>\n\n\n\n<div class=\"wp-block-image\"><figure class=\"alignleft\"><img data-recalc-dims=\"1\" loading=\"lazy\" decoding=\"async\" width=\"225\" height=\"225\" src=\"https:\/\/i0.wp.com\/llibresalrepla.cat\/wp-content\/uploads\/2019\/06\/lal%C3%A8-del-drac.jpg?resize=225%2C225\" alt=\"\" class=\"wp-image-4360\" srcset=\"https:\/\/i0.wp.com\/llibresalrepla.cat\/wp-content\/uploads\/2019\/06\/lal%C3%A8-del-drac.jpg?w=225&amp;ssl=1 225w, https:\/\/i0.wp.com\/llibresalrepla.cat\/wp-content\/uploads\/2019\/06\/lal%C3%A8-del-drac.jpg?resize=200%2C200&amp;ssl=1 200w, https:\/\/i0.wp.com\/llibresalrepla.cat\/wp-content\/uploads\/2019\/06\/lal%C3%A8-del-drac.jpg?resize=160%2C160&amp;ssl=1 160w\" sizes=\"auto, (max-width: 225px) 100vw, 225px\" \/><\/figure><\/div>\n\n\n\n<p>CARRANZA, Maite. <em>L\u2019al\u00e8 del drac<\/em>. El jove Gaud\u00ed. La Galera, Barcelona 2019.<\/p>\n\n\n\n<p>Carranza va ser la guanyadora del darrer Premi Joaquim Ruyra amb aquesta interessant, intrigant i ben resolta novel\u00b7la que, en certa manera, combina el g\u00e8nere hist\u00f2ric amb el thriller. El gruix de l\u2019acci\u00f3 se situa pels voltants de Reus i Riudoms l\u2019any 1868 en un ambient de revolta prolet\u00e0ria. Un Antoni Gaud\u00ed molt jove fa costat a un tamb\u00e9 joven\u00edssim i inexpert inspector de policia tot investigant el misteri\u00f3s assassinat d\u2019una noia, la Coia, amiga del futur arquitecte. Fent gala d\u2019un ritme narratiu envejable i alternant la investigaci\u00f3 amb la hist\u00f2ria de tots els personatges (tamb\u00e9 de Gaud\u00ed), Carranza ens ofereix un text farcit de recursos literaris i un l\u00e8xic tan cuidat com delici\u00f3s. Definitivament, l\u2019autora ens ofereix un obra no nom\u00e9s distreta, sin\u00f3 tamb\u00e9 divulgativa i de gran bellesa formal.<\/p>\n\n\n\n<div class=\"wp-block-image\"><figure class=\"alignleft\"><img data-recalc-dims=\"1\" loading=\"lazy\" decoding=\"async\" width=\"220\" height=\"128\" src=\"https:\/\/i0.wp.com\/llibresalrepla.cat\/wp-content\/uploads\/2019\/06\/la-caimana.jpg?resize=220%2C128\" alt=\"\" class=\"wp-image-4361\" srcset=\"https:\/\/i0.wp.com\/llibresalrepla.cat\/wp-content\/uploads\/2019\/06\/la-caimana.jpg?w=220&amp;ssl=1 220w, https:\/\/i0.wp.com\/llibresalrepla.cat\/wp-content\/uploads\/2019\/06\/la-caimana.jpg?resize=160%2C93&amp;ssl=1 160w\" sizes=\"auto, (max-width: 220px) 100vw, 220px\" \/><\/figure><\/div>\n\n\n\n<p>MANRIQUE, Maria Eugenia (text) i PAR\u00cdS, Ram\u00f3n (il\u00b7lustracions). <em>La caimana<\/em>. Ekar\u00e9, Barcelona 2019.<\/p>\n\n\n\n<p>&nbsp;&nbsp; Aquest \u00e0lbum de forma allargassada com un caiman, es basa en una hist\u00f2ria real, la del joier Jos\u00e9 Faoro, que va viure a Vene\u00e7uela des dels 15 anys i que, juntament amb la seva dona, tenia cura d\u2019un munt d\u2019animals a casa. Entre ells, una femella de caiman que va arribar a mesurar tres metres de llarg. Els nens del ve\u00efnat hi anaven a jugar. Una d\u2019elles era la Maria Eugenia Manrique, que n\u2019ha escrit la hist\u00f2ria. <em>La caimana <\/em>ens parla de la bondat, de la conviv\u00e8ncia pac\u00edfica entre \u00e9ssers vius i del pas del temps. Par\u00eds combina el dibuix net amb blanc i negre amb taques de color exuberants (la vegetaci\u00f3, el cos de la caimana o la roba que vesteixen les figures). Un terra de mosaic vermell i sense perspectiva, esdev\u00e9 una mena de pauta infinita sobre la que evoluciona la hist\u00f2ria tendra d\u2019un grup d\u2019\u00e8ssers que s\u2019estimen de deb\u00f2.<\/p>\n\n\n\n<div class=\"wp-block-image\"><figure class=\"alignleft\"><img data-recalc-dims=\"1\" loading=\"lazy\" decoding=\"async\" width=\"182\" height=\"277\" src=\"https:\/\/i0.wp.com\/llibresalrepla.cat\/wp-content\/uploads\/2019\/06\/sobre-la-terra-impura.jpg?resize=182%2C277\" alt=\"\" class=\"wp-image-4362\" srcset=\"https:\/\/i0.wp.com\/llibresalrepla.cat\/wp-content\/uploads\/2019\/06\/sobre-la-terra-impura.jpg?w=182&amp;ssl=1 182w, https:\/\/i0.wp.com\/llibresalrepla.cat\/wp-content\/uploads\/2019\/06\/sobre-la-terra-impura.jpg?resize=160%2C244&amp;ssl=1 160w\" sizes=\"auto, (max-width: 182px) 100vw, 182px\" \/><\/figure><\/div>\n\n\n\n<p>COMES, Melcior.<em> Sobre la terra impura<\/em>. Proa, Barcelona 2018<\/p>\n\n\n\n<p>&nbsp;&nbsp;\nI acabem amb la recomanaci\u00f3 per a adults de la novel\u00b7la en catal\u00e0 m\u00e9s\npremiada de la temporada (el recent Premi Crexells 2019 s\u2019afegeix als que ja\nhavia rebut). A partir de la proposta de redactar les mem\u00f2ries d\u2019una actriu que\nacaba de morir, el protagonista de la novel\u00b7la entra en contacte amb un m\u00f3n de\ndiners, glamour, poder i corrupci\u00f3 que ja havia conegut de nen, a Mallorca,\nperqu\u00e8 resulta que l\u2019actriu era la mare del seu millor amiguet. Comes crea una\nnovel\u00b7la ambiciosa i rica (molts personatges, moltes trames, molts recursos literaris)\nque aconsegueix enganxar el lector fins a la darrera p\u00e0gina. Les poblacions de\nMallorca s\u00f3n l\u2019escenari (actual i passat) d\u2019una hist\u00f2ria d\u2019amistat, desig i\ntra\u00efci\u00f3, que retrata un m\u00f3n de dues cares, la de la llum i la de les tenebres,\nen el qual el protagonista ha de decidir si hi vol viure.<\/p>\n","protected":false},"excerpt":{"rendered":"<p>Selecci\u00f3 de lectures per a l&#8217;estiu 2019<\/p>\n","protected":false},"author":1,"featured_media":4381,"comment_status":"open","ping_status":"open","sticky":false,"template":"","format":"standard","meta":{"_jetpack_newsletter_access":"","_jetpack_dont_email_post_to_subs":false,"_jetpack_newsletter_tier_id":0,"_jetpack_memberships_contains_paywalled_content":false,"_jetpack_memberships_contains_paid_content":false,"footnotes":"","jetpack_publicize_message":"","jetpack_publicize_feature_enabled":true,"jetpack_social_post_already_shared":true,"jetpack_social_options":{"image_generator_settings":{"template":"highway","default_image_id":0,"font":"","enabled":false},"version":2},"jetpack_post_was_ever_published":false},"categories":[58,51,48,6,54,44],"tags":[],"class_list":["post-4322","post","type-post","status-publish","format-standard","has-post-thumbnail","hentry","category-1r-1a","category-1r-2a","category-2n-1a","category-2n-2a","category-3r-1a","category-3r-2a"],"jetpack_publicize_connections":[],"jetpack_featured_media_url":"https:\/\/i0.wp.com\/llibresalrepla.cat\/wp-content\/uploads\/2019\/06\/El-petit-Polzet-4.jpg?fit=1600%2C1152&ssl=1","jetpack_sharing_enabled":true,"jetpack_shortlink":"https:\/\/wp.me\/p983NL-17I","_links":{"self":[{"href":"https:\/\/llibresalrepla.cat\/index.php?rest_route=\/wp\/v2\/posts\/4322","targetHints":{"allow":["GET"]}}],"collection":[{"href":"https:\/\/llibresalrepla.cat\/index.php?rest_route=\/wp\/v2\/posts"}],"about":[{"href":"https:\/\/llibresalrepla.cat\/index.php?rest_route=\/wp\/v2\/types\/post"}],"author":[{"embeddable":true,"href":"https:\/\/llibresalrepla.cat\/index.php?rest_route=\/wp\/v2\/users\/1"}],"replies":[{"embeddable":true,"href":"https:\/\/llibresalrepla.cat\/index.php?rest_route=%2Fwp%2Fv2%2Fcomments&post=4322"}],"version-history":[{"count":26,"href":"https:\/\/llibresalrepla.cat\/index.php?rest_route=\/wp\/v2\/posts\/4322\/revisions"}],"predecessor-version":[{"id":4389,"href":"https:\/\/llibresalrepla.cat\/index.php?rest_route=\/wp\/v2\/posts\/4322\/revisions\/4389"}],"wp:featuredmedia":[{"embeddable":true,"href":"https:\/\/llibresalrepla.cat\/index.php?rest_route=\/wp\/v2\/media\/4381"}],"wp:attachment":[{"href":"https:\/\/llibresalrepla.cat\/index.php?rest_route=%2Fwp%2Fv2%2Fmedia&parent=4322"}],"wp:term":[{"taxonomy":"category","embeddable":true,"href":"https:\/\/llibresalrepla.cat\/index.php?rest_route=%2Fwp%2Fv2%2Fcategories&post=4322"},{"taxonomy":"post_tag","embeddable":true,"href":"https:\/\/llibresalrepla.cat\/index.php?rest_route=%2Fwp%2Fv2%2Ftags&post=4322"}],"curies":[{"name":"wp","href":"https:\/\/api.w.org\/{rel}","templated":true}]}}