{"id":4312,"date":"2019-06-17T11:24:41","date_gmt":"2019-06-17T11:24:41","guid":{"rendered":"http:\/\/llibresalrepla.cat\/?p=4312"},"modified":"2019-06-17T11:24:47","modified_gmt":"2019-06-17T11:24:47","slug":"tot-ens-ho-arreglara-godot","status":"publish","type":"post","link":"https:\/\/llibresalrepla.cat\/?p=4312","title":{"rendered":"Tot ens ho arreglar\u00e0 Godot"},"content":{"rendered":"\n<div class=\"wp-block-image\"><figure class=\"alignleft\"><img data-recalc-dims=\"1\" loading=\"lazy\" decoding=\"async\" width=\"252\" height=\"384\" src=\"https:\/\/i0.wp.com\/llibresalrepla.cat\/wp-content\/uploads\/2019\/06\/totesperant.jpg?resize=252%2C384\" alt=\"\" class=\"wp-image-4310\" srcset=\"https:\/\/i0.wp.com\/llibresalrepla.cat\/wp-content\/uploads\/2019\/06\/totesperant.jpg?w=252&amp;ssl=1 252w, https:\/\/i0.wp.com\/llibresalrepla.cat\/wp-content\/uploads\/2019\/06\/totesperant.jpg?resize=160%2C244&amp;ssl=1 160w\" sizes=\"auto, (max-width: 252px) 100vw, 252px\" \/><\/figure><\/div>\n\n\n\n<p>En la literatura, com en la vida, no tot s\u00f3n personatges emprenedors que avancen a un ritme \u00e0gil i constant, que trepitgen fort, que topen amb els conflictes m\u00e9s embolicats i els obstacles m\u00e9s complicats i els superen amb una facilitat incre\u00efble i gaudeixen d\u2019un desenlla\u00e7 amb focs artificials. No! Nom\u00e9s faltaria! Tamb\u00e9, i m\u2019agraden, hi ha personatges que resideixen a les seves ant\u00edpodes. S\u00f3n els antiherois, aquells protagonistes aparentment passius que simplement esperen alg\u00fa o algun senyal que els il\u00b7lumini el cam\u00ed, o b\u00e9, que els hi alegri la jornada, mentre l\u2019activitat va per dins. S\u00f3n personatges que veuen passar el m\u00f3n pel davant dels nassos i, de tant en tant, s\u2019embadaleixen amb les seves petites meravelles. <\/p>\n\n\n\n<p>A vegades, aquests s\u00f3n personatges que fins i tot els agrada llegir, i entre d\u2019altres coses, ho practiquen per veure i viure amb intensitat les vides dels altres. <\/p>\n\n\n\n<p>Els antiherois que m\u00e9s estimo s\u00f3n en Vlad\u00edmir i l\u2019Estrag\u00f3, aquells rodam\u00f3ns creats per Samuel Beckett que esperaven un tal Godot, amb qui semblaven haver concertat una cita, per\u00f2 ell no acabava d\u2019arribar mai ni tampoc arribaria mai. Mentre esperaven, de les seves boques brollaven paraules i reflexions, que es trobaven i s\u2019entrella\u00e7aven, sobre el sentit i l\u2019absurditat de l\u2019exist\u00e8ncia.<\/p>\n\n\n\n<p>A la literatura infantil, tamb\u00e9 hi ha llibres originals i curiosos amb personatges semblants als dos rodam\u00f3ns. S\u00f3n protagonistes que habiten a la perif\u00e8ria dels estereotips m\u00e9s habituals. <\/p>\n\n\n\n<div class=\"wp-block-image\"><figure class=\"alignright is-resized\"><img data-recalc-dims=\"1\" loading=\"lazy\" decoding=\"async\" src=\"https:\/\/i0.wp.com\/llibresalrepla.cat\/wp-content\/uploads\/2019\/06\/El-a%CC%81rbol-rojo.jpg?resize=261%2C257\" alt=\"\" class=\"wp-image-4307\" width=\"261\" height=\"257\" srcset=\"https:\/\/i0.wp.com\/llibresalrepla.cat\/wp-content\/uploads\/2019\/06\/El-a%CC%81rbol-rojo.jpg?w=770&amp;ssl=1 770w, https:\/\/i0.wp.com\/llibresalrepla.cat\/wp-content\/uploads\/2019\/06\/El-a%CC%81rbol-rojo.jpg?resize=500%2C494&amp;ssl=1 500w, https:\/\/i0.wp.com\/llibresalrepla.cat\/wp-content\/uploads\/2019\/06\/El-a%CC%81rbol-rojo.jpg?resize=768%2C758&amp;ssl=1 768w, https:\/\/i0.wp.com\/llibresalrepla.cat\/wp-content\/uploads\/2019\/06\/El-a%CC%81rbol-rojo.jpg?resize=560%2C553&amp;ssl=1 560w, https:\/\/i0.wp.com\/llibresalrepla.cat\/wp-content\/uploads\/2019\/06\/El-a%CC%81rbol-rojo.jpg?resize=260%2C257&amp;ssl=1 260w, https:\/\/i0.wp.com\/llibresalrepla.cat\/wp-content\/uploads\/2019\/06\/El-a%CC%81rbol-rojo.jpg?resize=160%2C158&amp;ssl=1 160w\" sizes=\"auto, (max-width: 261px) 100vw, 261px\" \/><figcaption>TAN, Shaun. <em>L&#8217;arbre vermell<\/em>. Ed. Barbara Fiore, 2007<\/figcaption><\/figure><\/div>\n\n\n\n<p>Un de ben emblem\u00e0tic \u00e9s el de la protagonista de <em>L\u2019arbre vermell <\/em>. Una noia perduda en un dia fosc i concret, superada per un m\u00f3n que no ent\u00e9n. Mentre espera algun senyal que capgiri el seu pesar, passen pel seu i pel nostre davant, molts dels elements, estris i personatges fant\u00e0stics de l\u2019artista australi\u00e0 Shaun Tan, que tantes nits obscures de tants lectors ha il\u00b7luminat. Pel nostre davant desfila l\u2019univers personal i indestriable de Tan, i si no l\u2019hav\u00edem descobert encara, que ho dubto, val a dir que res torna a ser com era abans de descobrir <em>L\u2019arbre vermell<\/em>, aquell que s\u2019al\u00e7a enmig del dia tenebr\u00f3s de la seva protagonista.<\/p>\n\n\n\n<div class=\"wp-block-image\"><figure class=\"alignleft is-resized\"><img data-recalc-dims=\"1\" loading=\"lazy\" decoding=\"async\" src=\"https:\/\/i0.wp.com\/llibresalrepla.cat\/wp-content\/uploads\/2019\/06\/espera.jpg?resize=222%2C309\" alt=\"\" class=\"wp-image-4308\" width=\"222\" height=\"309\" srcset=\"https:\/\/i0.wp.com\/llibresalrepla.cat\/wp-content\/uploads\/2019\/06\/espera.jpg?w=360&amp;ssl=1 360w, https:\/\/i0.wp.com\/llibresalrepla.cat\/wp-content\/uploads\/2019\/06\/espera.jpg?resize=160%2C222&amp;ssl=1 160w\" sizes=\"auto, (max-width: 222px) 100vw, 222px\" \/><figcaption>HENKES, Kevin.<em> L&#8217;espera. <\/em>Ed. Joventut, 2016<\/figcaption><\/figure><\/div>\n\n\n\n<p>Un de ben original \u00e9s <em>L\u2019espera<\/em> de Kevin Henkes, el contingut i missatge del qual s\u2019allunya de la seva aparen\u00e7a innocent. Cinc figures d\u2019animals, que podr\u00edem anomenar \u201c<em>pongos<\/em>\u201d, plantats a la lleixa interior d\u2019una finestra, esperen veure, durant cada dia de l\u2019any, all\u00f2 que m\u00e9s els agrada i els fa sentir b\u00e9: per un, la lluna; per l\u2019altre, la pluja; per un altre, el vent; per un altre, la neu, i n\u2019hi ha un que es conforma amb el simple fet d\u2019observar. La seva mobilitat i acci\u00f3 \u00e9s ben poca, l\u2019estil del conte i de la il\u00b7lustraci\u00f3 \u00e9s na\u00eff, els receptors aparentment s\u00f3n els primers lectors, per\u00f2 amaga i alhora comunica una reflexi\u00f3 subtil sobre el pas del temps i les estacions, sobre la import\u00e0ncia dels petits detalls i sobre el sentit, i potser tamb\u00e9 l\u2019absurditat, de la vida. <\/p>\n\n\n\n<div class=\"wp-block-image\"><figure class=\"alignright is-resized\"><img data-recalc-dims=\"1\" loading=\"lazy\" decoding=\"async\" src=\"https:\/\/i0.wp.com\/llibresalrepla.cat\/wp-content\/uploads\/2019\/06\/coppo2.jpg?resize=246%2C288\" alt=\"\" class=\"wp-image-4306\" width=\"246\" height=\"288\" srcset=\"https:\/\/i0.wp.com\/llibresalrepla.cat\/wp-content\/uploads\/2019\/06\/coppo2.jpg?w=341&amp;ssl=1 341w, https:\/\/i0.wp.com\/llibresalrepla.cat\/wp-content\/uploads\/2019\/06\/coppo2.jpg?resize=260%2C305&amp;ssl=1 260w, https:\/\/i0.wp.com\/llibresalrepla.cat\/wp-content\/uploads\/2019\/06\/coppo2.jpg?resize=160%2C188&amp;ssl=1 160w\" sizes=\"auto, (max-width: 246px) 100vw, 246px\" \/><figcaption>COPPO, Marianna. <em>Un conte. <\/em>Ed. Kalandraka, 201<em>8<\/em><\/figcaption><\/figure><\/div>\n\n\n\n<p>Un de ben sorprenent \u00e9s el que proposa un excel\u00b7lent homenatge al teatre i un fant\u00e0stic exercici de fantasia: <em>Un conte<\/em> de la il\u00b7lustradora italiana Marianna Coppo que ens presenta tamb\u00e9 a cinc personatges que van a parar a les p\u00e0gines en blanc d\u2019un llibre i esperen que arribi el conte per farcir-les amb una hist\u00f2ria. Coppo juga amb el continent i amb el contingut, amb el blanc de la p\u00e0gina i el dibuix que l\u2019habita, i amb la hist\u00f2ria que un dels personatges fa cr\u00e9ixer al blanc de l\u2019esquerra, mentre els altres esperen, a la dreta. L\u2019argument t\u00e9 connexions amb <em>Tot esperant Godot<\/em> i Samuel Beckett, per\u00f2 tamb\u00e9 amb els <em>Sis personatges en busca d\u2019autor<\/em> de Luigi Pirandello. A partir d\u2019una situaci\u00f3 absurda, apareix una nova realitat que va creixent, un missatge a deixar-se portar, una crida a actuar i a canviar el blanc amb una mica o amb tota la imaginaci\u00f3 del m\u00f3n.<\/p>\n\n\n\n<div class=\"wp-block-image\"><figure class=\"alignleft is-resized\"><img data-recalc-dims=\"1\" loading=\"lazy\" decoding=\"async\" src=\"https:\/\/i0.wp.com\/llibresalrepla.cat\/wp-content\/uploads\/2019\/06\/clotet.jpg?resize=191%2C242\" alt=\"\" class=\"wp-image-4303\" width=\"191\" height=\"242\" srcset=\"https:\/\/i0.wp.com\/llibresalrepla.cat\/wp-content\/uploads\/2019\/06\/clotet.jpg?w=500&amp;ssl=1 500w, https:\/\/i0.wp.com\/llibresalrepla.cat\/wp-content\/uploads\/2019\/06\/clotet.jpg?resize=396%2C500&amp;ssl=1 396w, https:\/\/i0.wp.com\/llibresalrepla.cat\/wp-content\/uploads\/2019\/06\/clotet.jpg?resize=260%2C329&amp;ssl=1 260w, https:\/\/i0.wp.com\/llibresalrepla.cat\/wp-content\/uploads\/2019\/06\/clotet.jpg?resize=160%2C202&amp;ssl=1 160w\" sizes=\"auto, (max-width: 191px) 100vw, 191px\" \/><figcaption>CLOTET, Gina. <em>L&#8217;espera. <\/em>Ed. Tramuntana, 2018<\/figcaption><\/figure><\/div>\n\n\n\n<p>Un de ben proper i tendre \u00e9s <em>L\u2019espera <\/em> que tamb\u00e9 \u00e9s el t\u00edtol d\u2019una altra obra, de la narradora Gina Clotet i de la il\u00b7lustradora Maria Gir\u00f3n. Aqu\u00ed la hist\u00f2ria \u00e9s m\u00e9s realista que metaf\u00edsica, i l\u2019espera, m\u00e9s palpable que abstracte. Cada tarda, la Joana espera l\u2019arribada d\u2019un ocell. El seu prop\u00f2sit primer \u00e9s la captura de l\u2019ocell. A mida, que s\u2019observen, es coneixen i teixeixen una relaci\u00f3, el prop\u00f2sit canvia. Una narraci\u00f3 i una situaci\u00f3 tranquil\u00b7la, bella i po\u00e8tica, il\u00b7lustrada amb l\u2019hiperrealisme i la sensibilitat de Maria Gir\u00f3n, que dota d&#8217;unes ales immenses als ocells i als textos que aborda.<\/p>\n\n\n\n<p><\/p>\n\n\n\n<p><\/p>\n\n\n\n<div class=\"wp-block-image\"><figure class=\"aligncenter is-resized\"><img data-recalc-dims=\"1\" loading=\"lazy\" decoding=\"async\" src=\"https:\/\/i0.wp.com\/llibresalrepla.cat\/wp-content\/uploads\/2019\/06\/clotet2.jpg?resize=552%2C316\" alt=\"\" class=\"wp-image-4304\" width=\"552\" height=\"316\" srcset=\"https:\/\/i0.wp.com\/llibresalrepla.cat\/wp-content\/uploads\/2019\/06\/clotet2.jpg?w=915&amp;ssl=1 915w, https:\/\/i0.wp.com\/llibresalrepla.cat\/wp-content\/uploads\/2019\/06\/clotet2.jpg?resize=500%2C287&amp;ssl=1 500w, https:\/\/i0.wp.com\/llibresalrepla.cat\/wp-content\/uploads\/2019\/06\/clotet2.jpg?resize=768%2C441&amp;ssl=1 768w, https:\/\/i0.wp.com\/llibresalrepla.cat\/wp-content\/uploads\/2019\/06\/clotet2.jpg?resize=560%2C321&amp;ssl=1 560w, https:\/\/i0.wp.com\/llibresalrepla.cat\/wp-content\/uploads\/2019\/06\/clotet2.jpg?resize=260%2C149&amp;ssl=1 260w, https:\/\/i0.wp.com\/llibresalrepla.cat\/wp-content\/uploads\/2019\/06\/clotet2.jpg?resize=160%2C92&amp;ssl=1 160w\" sizes=\"auto, (max-width: 552px) 100vw, 552px\" \/><\/figure><\/div>\n","protected":false},"excerpt":{"rendered":"<p>En la literatura, com en la vida, no tot s\u00f3n personatges emprenedors que avancen a un ritme \u00e0gil i constant, que trepitgen fort, que topen amb els conflictes m\u00e9s embolicats i els obstacles m\u00e9s complicats i els superen amb una facilitat incre\u00efble i gaudeixen d\u2019un desenlla\u00e7 amb focs artificials. No!<\/p>\n","protected":false},"author":13,"featured_media":4305,"comment_status":"open","ping_status":"open","sticky":false,"template":"","format":"standard","meta":{"_jetpack_newsletter_access":"","_jetpack_dont_email_post_to_subs":false,"_jetpack_newsletter_tier_id":0,"_jetpack_memberships_contains_paywalled_content":false,"_jetpack_memberships_contains_paid_content":false,"footnotes":"","jetpack_publicize_message":"","jetpack_publicize_feature_enabled":true,"jetpack_social_post_already_shared":true,"jetpack_social_options":{"image_generator_settings":{"template":"highway","default_image_id":0,"font":"","enabled":false},"version":2},"jetpack_post_was_ever_published":false},"categories":[51],"tags":[45,111],"class_list":["post-4312","post","type-post","status-publish","format-standard","has-post-thumbnail","hentry","category-1r-2a","tag-album-illustrat","tag-personatges"],"jetpack_publicize_connections":[],"jetpack_featured_media_url":"https:\/\/i0.wp.com\/llibresalrepla.cat\/wp-content\/uploads\/2019\/06\/coppo.jpeg?fit=630%2C630&ssl=1","jetpack_sharing_enabled":true,"jetpack_shortlink":"https:\/\/wp.me\/p983NL-17y","_links":{"self":[{"href":"https:\/\/llibresalrepla.cat\/index.php?rest_route=\/wp\/v2\/posts\/4312","targetHints":{"allow":["GET"]}}],"collection":[{"href":"https:\/\/llibresalrepla.cat\/index.php?rest_route=\/wp\/v2\/posts"}],"about":[{"href":"https:\/\/llibresalrepla.cat\/index.php?rest_route=\/wp\/v2\/types\/post"}],"author":[{"embeddable":true,"href":"https:\/\/llibresalrepla.cat\/index.php?rest_route=\/wp\/v2\/users\/13"}],"replies":[{"embeddable":true,"href":"https:\/\/llibresalrepla.cat\/index.php?rest_route=%2Fwp%2Fv2%2Fcomments&post=4312"}],"version-history":[{"count":8,"href":"https:\/\/llibresalrepla.cat\/index.php?rest_route=\/wp\/v2\/posts\/4312\/revisions"}],"predecessor-version":[{"id":4321,"href":"https:\/\/llibresalrepla.cat\/index.php?rest_route=\/wp\/v2\/posts\/4312\/revisions\/4321"}],"wp:featuredmedia":[{"embeddable":true,"href":"https:\/\/llibresalrepla.cat\/index.php?rest_route=\/wp\/v2\/media\/4305"}],"wp:attachment":[{"href":"https:\/\/llibresalrepla.cat\/index.php?rest_route=%2Fwp%2Fv2%2Fmedia&parent=4312"}],"wp:term":[{"taxonomy":"category","embeddable":true,"href":"https:\/\/llibresalrepla.cat\/index.php?rest_route=%2Fwp%2Fv2%2Fcategories&post=4312"},{"taxonomy":"post_tag","embeddable":true,"href":"https:\/\/llibresalrepla.cat\/index.php?rest_route=%2Fwp%2Fv2%2Ftags&post=4312"}],"curies":[{"name":"wp","href":"https:\/\/api.w.org\/{rel}","templated":true}]}}