{"id":3189,"date":"2017-12-13T23:11:20","date_gmt":"2017-12-13T23:11:20","guid":{"rendered":"http:\/\/llibresalrepla.cat\/?p=3189"},"modified":"2017-12-13T23:11:20","modified_gmt":"2017-12-13T23:11:20","slug":"la-neu-de-paris","status":"publish","type":"post","link":"https:\/\/llibresalrepla.cat\/?p=3189","title":{"rendered":"La neu de Par\u00eds"},"content":{"rendered":"<h4>Neva a Par\u00eds! I molt. Els carrers al voltant de la Bastille, com ara la rue de la Roquette, estan ben blancs. Sempre m\u2019agrada passar per la Roquette per la semblan\u00e7a amb el nom del poble del Baix Ebre on vaig n\u00e9ixer, Roquetes. Esmorzo sovint al bar La F\u00e9e Verte i passo a donar un primer cop d\u2019ull per la llibreria la Manoeuvre al n\u00famero 58 del mateix carrer. <img data-recalc-dims=\"1\" loading=\"lazy\" decoding=\"async\" class=\"wp-image-3206 alignright\" src=\"https:\/\/i0.wp.com\/llibresalrepla.cat\/wp-content\/uploads\/2017\/12\/P1050289.jpg?resize=281%2C214\" alt=\"\" width=\"281\" height=\"214\" \/><span style=\"letter-spacing: 0.05em;\">En aquesta llibreria petita del barri de la Bastille em poso al corrent de les principals novetats de literatura infantil il\u00b7lustrada abans d\u2019anar al Sal\u00f3 del llibre infantil i juvenil de Montreuil. Aquest any hi he entrat per protegir-me del fred, per veure com neva e<\/span><span style=\"letter-spacing: 0.8px;\">nvoltat de llibres interessants i per, endinsar-me, un any m\u00e9s, en el m\u00f3n suggeridor que ens proposen les principals editorials franceses.<\/span><\/h4>\n<h4><\/h4>\n<h4>Des d\u2019un prestatge amagat, em crida l\u2019atenci\u00f3 el color groc. Un groc ben present a les nostres vides en aquests moments i que a la llibreria de la Roquette il\u00b7lumina la coberta de <em>L\u2019Oiseau de Colette<\/em>, de la il\u00b7lustradora canadenca Isabelle Arsenault. <em>E<\/em>s tracta d\u2019un llibre de format petit editat per La Past\u00e8que.<img data-recalc-dims=\"1\" loading=\"lazy\" decoding=\"async\" class=\" wp-image-3195 alignleft\" src=\"https:\/\/i0.wp.com\/llibresalrepla.cat\/wp-content\/uploads\/2017\/12\/baixa.jpg?resize=317%2C395\" alt=\"\" width=\"317\" height=\"395\" \/> Una hist\u00f2ria sobre l\u2019amistat i com un amic imaginari pot fer cr\u00e9ixer la colla d\u2019amics de deb\u00f2 d\u2019una manera molt ocurrent. Isabelle Arsenault ja ens va sorprendre amb el magn\u00edfic \u00e0lbum dedicat a la vida de l\u2019artista Louise Bourgeois, <em>Can\u00e7\u00f3 de tela, la vida teixida de Louise Bourgeois<\/em> i editat a Catalunya per Impedimenta.<\/h4>\n<h4>Mentre continua nevant al carrer, descobreixo un altre llibre amb una coberta molt atractiva i que em recorda, una vegada m\u00e9s, el cl\u00e0ssic de Lewis Carroll, Al\u00edcia. Amb una il\u00b7lustraci\u00f3 que representa un bosc ple de flors i plantes de colors,<em> La course \u00e0 la Lune <\/em>de Myriam Bendhif-Syllas i Marion Arbona ens explica el viatge inici\u00e0tic de la noia protagonista amb unes il\u00b7lustracions ben contrastades on predominen els tons grisos i blaus per a elements gen\u00e8rics del paisatge, i els vermells i grocs per a donar protagonisme a la noia (que t\u00e9 els cabells ben rojos) i als elements vegetals que apareixen en moltes de les il\u00b7lustracions.\u00a0 Editat per Le buveur d\u2019encre, acaba de sortir amb motiu del Sal\u00f3 del llibre de Montreuil i segurament el podr\u00e9 trobar l\u2019endem\u00e0 quan el visiti. La meva curiositat i les ganes de gaudir d\u2019un aperitiu abans d\u2019accedir l\u2019endem\u00e0 a les tres sales immenses del Sal\u00f3, fan que no me\u2019n pugui estar i l\u2019adquireixi per ampliar la meva biblioteca i gaudir de la lectura durant la primera nit a Par\u00eds.<img data-recalc-dims=\"1\" loading=\"lazy\" decoding=\"async\" class=\" wp-image-3192 alignright\" src=\"https:\/\/i0.wp.com\/llibresalrepla.cat\/wp-content\/uploads\/2017\/12\/61697mrzpbL._SY344_BO1204203200_.jpg?resize=307%2C403\" alt=\"\" width=\"307\" height=\"403\" \/><\/h4>\n<h4>A finals de novembre, i des de l\u2019any 1984, trobem al barri de Montreuil de Par\u00eds una exposici\u00f3 de les principals novetats en literatura infantil i juvenil editades a Fran\u00e7a. Un sal\u00f3 per a professionals, escriptors i il\u00b7lustradors, i tamb\u00e9 per a fam\u00edlies i escoles. El <em>Salon du livre et de la presse jeunesse Seine-Saint-Denis<\/em> de Par\u00eds \u00e9s un punt de trobada obligat per a tots els professionals de la literatura infantil il\u00b7lustrada. Des de l\u2019any 2000, hi vaig cada any amb una cinquantena d\u2019alumnes d\u2019il\u00b7lustraci\u00f3 de l\u2019Escola de la Dona.<\/h4>\n<h4>Aquest any al sal\u00f3 hem pogut visitar l\u2019exposici\u00f3 amb obra original de Batrice Allemagna, Benjamin Chaud i de la catalana Carme Segovia, que va ser una sorpresa molt agradable. Beatrice presentaba els originals dels seus dos darrers llibres, <em>Un gran jours de rien<\/em> i <em>Le mervelleieux Dodo-Velu-Petit<\/em> editats a Catalunya per Combel. Unes il\u00b7lustracions de gran format, creades amb t\u00e8cnica mixta i on els colors rosa i taronja fluorescents hi donen un punt de lluminositat molt especial. Les seves il\u00b7lustracions demostren un coneixement excel\u00b7lent de la narrativa de l\u2019\u00e0lbum il\u00b7lustrat, una estructura semi\u00f2tica molt rica, una execuci\u00f3 pl\u00e0stica plena de procediments t\u00e8cnics diversos i molta llibertat d\u2019execuci\u00f3.<\/h4>\n<h4>Curiosament, m\u2019adono que aquest any, i de manera inconscient, estic atent a llibres i a il\u00b7lustradors que dediquen una atenci\u00f3 especial a la representaci\u00f3 d\u2019elements de la natura. Beatrice, Isabell Arsenault, Carmen Segovia, Kitty Crowther\u2026 Totes aquestes il\u00b7lustradores representen sovint i amb facilitat la naturalesa.<img data-recalc-dims=\"1\" loading=\"lazy\" decoding=\"async\" class=\" wp-image-3197 alignleft\" src=\"https:\/\/i0.wp.com\/llibresalrepla.cat\/wp-content\/uploads\/2017\/12\/dix-livres-pour-enfantsm395742-500x340.jpg?resize=402%2C278\" alt=\"\" width=\"402\" height=\"278\" \/> Els llapis de colors de la Kitty, l\u2019aquarel\u00b7la i la pols de grafit de l\u2019Isabelle, l\u2019anilina i el llapis de la Beatrice o l\u2019acr\u00edlic de la Carme ens traslladen a universos plens de matisos, molt coloristes i amb formes reals i d\u2019altres imaginades que ens fan molt sensibles a la bellesa dels elements naturals.<\/h4>\n<h4>Amb un grup d\u2019 alumnes passem per l\u2019editorial Sarbacane. Aquest any presenten, entre d\u2019altres, el nou llibre de la il\u00b7lustradora Tiziana Romanin.<\/h4>\n<h4><em>L\u2019historie extraordinaie d\u2019Adam R. Le nain que devien g\u00e9ant<\/em>. Una hist\u00f2ria sobre el valor de l\u2019amistat malgrat les difer\u00e8ncies. Tiziana ens torna a seduir amb la seguretat i precisi\u00f3 del seu tra\u00e7 de llapis i amb uns plantejaments de l\u2019espai molt personals. Una volguda distorsi\u00f3 de la perspectiva afavoreix els canvis de mida que va experimentant el personatge protagonista. Continua utilitzant una gamma de colors molt redu\u00efda, per\u00f2 efectiva per ressaltar el bon dibuix aplicat a la il\u00b7lustraci\u00f3.<\/h4>\n<h4>L&#8217;extraordin\u00e0ria hist\u00f2ria d&#8217;Adam R. &#8211; El nan que es va convertir en gegant.<img data-recalc-dims=\"1\" loading=\"lazy\" decoding=\"async\" class=\" wp-image-3201 alignright\" src=\"https:\/\/i0.wp.com\/llibresalrepla.cat\/wp-content\/uploads\/2017\/12\/couv-Lhistoire-extraordinaire-dAdam-R-620x999-1.jpg?resize=273%2C430\" alt=\"\" width=\"273\" height=\"430\" \/> Tamb\u00e9 visitem l\u2019estand de L\u2019\u00c9cole des Loisirs on recollim i col\u00b7leccionem els seus petits cat\u00e0legs amb la biografia d\u2019alguns il\u00b7lustradors referents, com Kitty Crowther i Tomi Ungerer.<\/h4>\n<h4>\u00a0Amb text de Davide Cal\u00ed, vam gaudir del llibre Un jour, sans raison il\u00b7lustrat per Monica Barengo, il\u00b7lustradora molt jove nascuda a Tor\u00ed, It\u00e0lia, i editat per Passpartout, on ens mostra unes il\u00b7lustracions que tenen alguna cosa a veure amb el registre gr\u00e0fic de la il\u00b7lustradora txeca Joana Concejo. Tra\u00e7 de tinta molt prim i en un to marron\u00f3s damunt de paper color crema on els blancs il\u00b7luminen les figures i alguns elements com ara la camisa del protagonista desconcertat. Una hist\u00f2ria sobre les sorpreses que ens porta la vida quan menys t\u2019ho esperes.<\/h4>\n<h4>En l\u2019apartat de llibres il\u00b7lustrats per a adults, ens tornem a trobar amb tot un seguit d\u2019obres que tenen com a referent l\u2019estil Lowbrow. Il\u00b7lustracions relacionades amb la premsa alternativa i l\u2019Street Art. Dents, p\u00e8ls, imatges expl\u00edcitament sexuals, v\u00f2mits&#8230;<\/h4>\n<h4>El llibre <em>R\u00eave \u00c9carlate,<\/em> del japon\u00e8s Toshio Saeki, est\u00e0 just a l\u2019entrada d\u2019aquesta secci\u00f3, i em sorpr\u00e8n trobar una mostra d\u2019aquest autor japon\u00e8s transgressor, tan desinhibit i provocador, al sal\u00f3 del llibre infantil i juvenil.<img data-recalc-dims=\"1\" loading=\"lazy\" decoding=\"async\" class=\" wp-image-3200 alignleft\" src=\"https:\/\/i0.wp.com\/llibresalrepla.cat\/wp-content\/uploads\/2017\/12\/reve-ecarlate-cornelius.jpg?resize=251%2C363\" alt=\"\" width=\"251\" height=\"363\" \/><\/h4>\n<h4>Abans de marxar he pogut ampliar la meva col\u00b7lecci\u00f3 d\u2019Al\u00edcia al pa\u00eds de les meravelles. Tinc el cl\u00e0ssic de Lewis Carroll editat en idiomes diferents i il\u00b7lustrat per artistes de diversos pa\u00efsos. Cl\u00e9mence Pollet \u00e9s una jove il\u00b7lustradora francesa, antiga alumna de l\u2019escola d\u2019art de Strasbourg, que acaba d\u2019il\u00b7lustrar aquesta versi\u00f3 teatralitzada per St\u00e9phane Michaka del cl\u00e0ssic de Carroll. Cl\u00e9mence presenta una proposta amb ordinador i amb una paleta de colors continguda i un inter\u00e8s particular per la composici\u00f3 i per la pres\u00e8ncia de tots els personatges de Carroll perfilats amb un tra\u00e7 de color vermell. Interessant per als col\u00b7leccionistes d\u2019aquest cl\u00e0ssic i suggeridor per als m\u00e9s joves que vulguin endinsar-se en el text original de l\u2019autor angl\u00e8s.<\/h4>\n<h4>A Par\u00eds ja no neva malgrat el fred que fa, i torno a l\u2019hotel a descansar, a degustar les noves adquisicions, i amb el convenciment que l\u2019any que ve tornar\u00e9 al Sal\u00f3 del llibre de Montreuil per a ampliar la meva biblioteca i per gaudir, en companyia dels meus alumnes d\u2019il\u00b7lustraci\u00f3, de la bona feina i dels bons llibres il\u00b7lustrats que es publiquen al pa\u00eds referent de la literatura infantil i juvenil.<\/h4>\n<p><img data-recalc-dims=\"1\" loading=\"lazy\" decoding=\"async\" class=\"size-medium wp-image-3198 aligncenter\" src=\"https:\/\/i0.wp.com\/llibresalrepla.cat\/wp-content\/uploads\/2017\/12\/ob_413b60_alice-merveilles-sans-cd.jpg?resize=500%2C498\" alt=\"\" width=\"500\" height=\"498\" srcset=\"https:\/\/i0.wp.com\/llibresalrepla.cat\/wp-content\/uploads\/2017\/12\/ob_413b60_alice-merveilles-sans-cd.jpg?resize=500%2C498&amp;ssl=1 500w, https:\/\/i0.wp.com\/llibresalrepla.cat\/wp-content\/uploads\/2017\/12\/ob_413b60_alice-merveilles-sans-cd.jpg?resize=200%2C200&amp;ssl=1 200w, https:\/\/i0.wp.com\/llibresalrepla.cat\/wp-content\/uploads\/2017\/12\/ob_413b60_alice-merveilles-sans-cd.jpg?resize=768%2C765&amp;ssl=1 768w, https:\/\/i0.wp.com\/llibresalrepla.cat\/wp-content\/uploads\/2017\/12\/ob_413b60_alice-merveilles-sans-cd.jpg?resize=560%2C558&amp;ssl=1 560w, https:\/\/i0.wp.com\/llibresalrepla.cat\/wp-content\/uploads\/2017\/12\/ob_413b60_alice-merveilles-sans-cd.jpg?resize=260%2C259&amp;ssl=1 260w, https:\/\/i0.wp.com\/llibresalrepla.cat\/wp-content\/uploads\/2017\/12\/ob_413b60_alice-merveilles-sans-cd.jpg?resize=160%2C159&amp;ssl=1 160w, https:\/\/i0.wp.com\/llibresalrepla.cat\/wp-content\/uploads\/2017\/12\/ob_413b60_alice-merveilles-sans-cd.jpg?w=800&amp;ssl=1 800w\" sizes=\"auto, (max-width: 500px) 100vw, 500px\" \/><\/p>\n<h3><\/h3>\n<p>&nbsp;<\/p>\n","protected":false},"excerpt":{"rendered":"<p>Neva a Par\u00eds! I molt. Els carrers al voltant de la Bastille, com ara la rue de la Roquette, estan ben blancs. Sempre m\u2019agrada passar per la Roquette per la semblan\u00e7a amb el nom del poble del Baix Ebre on vaig n\u00e9ixer, Roquetes. Esmorzo sovint al bar La F\u00e9e Verte<\/p>\n","protected":false},"author":11,"featured_media":3191,"comment_status":"open","ping_status":"open","sticky":false,"template":"","format":"standard","meta":{"_jetpack_newsletter_access":"","_jetpack_dont_email_post_to_subs":false,"_jetpack_newsletter_tier_id":0,"_jetpack_memberships_contains_paywalled_content":false,"_jetpack_memberships_contains_paid_content":false,"footnotes":"","jetpack_publicize_message":"","jetpack_publicize_feature_enabled":true,"jetpack_social_post_already_shared":false,"jetpack_social_options":{"image_generator_settings":{"template":"highway","default_image_id":0,"font":"","enabled":false},"version":2},"jetpack_post_was_ever_published":false},"categories":[48],"tags":[45,38],"class_list":["post-3189","post","type-post","status-publish","format-standard","has-post-thumbnail","hentry","category-2n-1a","tag-album-illustrat","tag-illustracions"],"jetpack_publicize_connections":[],"jetpack_featured_media_url":"https:\/\/i0.wp.com\/llibresalrepla.cat\/wp-content\/uploads\/2017\/12\/08928_aliceetmerveilles_promo-12-3386645.jpg?fit=780%2C390&ssl=1","jetpack_sharing_enabled":true,"jetpack_shortlink":"https:\/\/wp.me\/p983NL-Pr","_links":{"self":[{"href":"https:\/\/llibresalrepla.cat\/index.php?rest_route=\/wp\/v2\/posts\/3189","targetHints":{"allow":["GET"]}}],"collection":[{"href":"https:\/\/llibresalrepla.cat\/index.php?rest_route=\/wp\/v2\/posts"}],"about":[{"href":"https:\/\/llibresalrepla.cat\/index.php?rest_route=\/wp\/v2\/types\/post"}],"author":[{"embeddable":true,"href":"https:\/\/llibresalrepla.cat\/index.php?rest_route=\/wp\/v2\/users\/11"}],"replies":[{"embeddable":true,"href":"https:\/\/llibresalrepla.cat\/index.php?rest_route=%2Fwp%2Fv2%2Fcomments&post=3189"}],"version-history":[{"count":1,"href":"https:\/\/llibresalrepla.cat\/index.php?rest_route=\/wp\/v2\/posts\/3189\/revisions"}],"predecessor-version":[{"id":3207,"href":"https:\/\/llibresalrepla.cat\/index.php?rest_route=\/wp\/v2\/posts\/3189\/revisions\/3207"}],"wp:featuredmedia":[{"embeddable":true,"href":"https:\/\/llibresalrepla.cat\/index.php?rest_route=\/wp\/v2\/media\/3191"}],"wp:attachment":[{"href":"https:\/\/llibresalrepla.cat\/index.php?rest_route=%2Fwp%2Fv2%2Fmedia&parent=3189"}],"wp:term":[{"taxonomy":"category","embeddable":true,"href":"https:\/\/llibresalrepla.cat\/index.php?rest_route=%2Fwp%2Fv2%2Fcategories&post=3189"},{"taxonomy":"post_tag","embeddable":true,"href":"https:\/\/llibresalrepla.cat\/index.php?rest_route=%2Fwp%2Fv2%2Ftags&post=3189"}],"curies":[{"name":"wp","href":"https:\/\/api.w.org\/{rel}","templated":true}]}}