{"id":2927,"date":"2017-09-18T11:56:46","date_gmt":"2017-09-18T11:56:46","guid":{"rendered":"http:\/\/llibresalrepla.cat\/?p=2927"},"modified":"2017-09-19T20:40:16","modified_gmt":"2017-09-19T20:40:16","slug":"neix-lassociacio-escrivim","status":"publish","type":"post","link":"https:\/\/llibresalrepla.cat\/?p=2927","title":{"rendered":"Neix l&#8217;associaci\u00f3 ESCRIVIM"},"content":{"rendered":"<figure id=\"attachment_2928\" aria-describedby=\"caption-attachment-2928\" style=\"width: 300px\" class=\"wp-caption aligncenter\"><img data-recalc-dims=\"1\" loading=\"lazy\" decoding=\"async\" class=\"size-medium wp-image-2928\" src=\"https:\/\/i0.wp.com\/llibresalrepla.cat\/wp-content\/uploads\/2017\/09\/grup.jpg?resize=300%2C194\" alt=\"\" width=\"300\" height=\"194\" srcset=\"https:\/\/i0.wp.com\/llibresalrepla.cat\/wp-content\/uploads\/2017\/09\/grup.jpg?resize=300%2C194&amp;ssl=1 300w, https:\/\/i0.wp.com\/llibresalrepla.cat\/wp-content\/uploads\/2017\/09\/grup.jpg?resize=768%2C497&amp;ssl=1 768w, https:\/\/i0.wp.com\/llibresalrepla.cat\/wp-content\/uploads\/2017\/09\/grup.jpg?resize=1024%2C662&amp;ssl=1 1024w, https:\/\/i0.wp.com\/llibresalrepla.cat\/wp-content\/uploads\/2017\/09\/grup.jpg?resize=560%2C362&amp;ssl=1 560w, https:\/\/i0.wp.com\/llibresalrepla.cat\/wp-content\/uploads\/2017\/09\/grup.jpg?resize=260%2C168&amp;ssl=1 260w, https:\/\/i0.wp.com\/llibresalrepla.cat\/wp-content\/uploads\/2017\/09\/grup.jpg?resize=160%2C103&amp;ssl=1 160w, https:\/\/i0.wp.com\/llibresalrepla.cat\/wp-content\/uploads\/2017\/09\/grup.jpg?w=1800 1800w, https:\/\/i0.wp.com\/llibresalrepla.cat\/wp-content\/uploads\/2017\/09\/grup.jpg?w=2700 2700w\" sizes=\"auto, (max-width: 300px) 100vw, 300px\" \/><figcaption id=\"caption-attachment-2928\" class=\"wp-caption-text\">fotografia de J\u00falia Prats<\/figcaption><\/figure>\n<p>El dia 14 de setembre, i durant la Setmana del Llibre en Catal\u00e0, va ser presentada oficialment la nova associaci\u00f3 professional d\u2019escriptors i escriptores literaris de Catalunya ESCRIVIM. Amb la voluntat de donar veu als autors i lluitar pels interessos dels professionals de la literatura catalana, els 36 socis fundadors, la majoria dels quals provenen de la Plataforma APE (Autors i autores en perill d\u2019extinci\u00f3) que es va crear l\u2019any 2013 i que la formaven autors i autores de LIJ, han decidit constituir-se legalment en associaci\u00f3.<\/p>\n<p>ESCRIVIM est\u00e0 presidida per Maite Carranza i els c\u00e0rrecs de la seva primera junta els ocupen Pere Mart\u00ed (Vicepresident), Anna Manso (tresorera) i \u00c0ngel Burgas (secretari).<\/p>\n<p>Mart\u00edn Pi\u00f1ol va obrir l\u2019acte amb un mon\u00f2leg carregat d\u2019ironia sobre la situaci\u00f3 en la qual es troben avui els escriptors i escriptores literaris, primera baula de la cadena del llibre i gaireb\u00e9 sempre oblidada o menystinguda. Maite Carranza va exposar a continuaci\u00f3 les intencions de la nova associaci\u00f3, que es fonamenta en la professionalitat de tots els seus socis i la voluntat d\u2019encaixar en el nou paradigma del moment actual (abandonar definitivament el voluntarisme hist\u00f2ric dels autors i autores que escrivien en catal\u00e0 per protegir i difondre una llengua) i les necessitats de lluitar pels drets, els sous i la import\u00e0ncia del paper del creador en els plans de foment de la lectura. En un pa\u00eds que volem nou i desacomplexat, cal tenir en compte i protegir aquells que el recreen mitjan\u00e7ant les seves ficcions. Pere Mart\u00ed, \u00c0ngel Burgas i Anna Manso van al\u00b7ludir a temes candents com s\u00f3n la consideraci\u00f3 dels autors com a \u201ctreballadors de la cultura\u201d, l\u2019arrelament del discurs de \u201cla cultura ha de ser gratu\u00efta\u201d, l\u2019aparici\u00f3 de influencers sense formaci\u00f3 liter\u00e0ria i temes de copyright o drets d\u2019autoria.<\/p>\n<p>Finalment, Elisenda Roca va llegir el Manifest <a href=\"https:\/\/drive.google.com\/file\/d\/0B9RSlJPLhH2wNGZ3TEItX0lPUDA\/view\">d\u2019Escrivim.<\/a><\/p>\n<p>Per a m\u00e9s informaci\u00f3 us podeu dirigir a: <a href=\"mailto:info@ecrivim.cat\">info@ecrivim.cat<\/a><\/p>\n<p>&nbsp;<\/p>\n","protected":false},"excerpt":{"rendered":"<p>El dia 14 de setembre, i durant la Setmana del Llibre en Catal\u00e0, va ser presentada oficialment la nova associaci\u00f3 professional d\u2019escriptors i escriptores literaris de Catalunya ESCRIVIM. Amb la voluntat de donar veu als autors i lluitar pels interessos dels professionals de la literatura catalana, els 36 socis fundadors,<\/p>\n","protected":false},"author":9,"featured_media":2928,"comment_status":"open","ping_status":"open","sticky":false,"template":"","format":"standard","meta":{"_jetpack_newsletter_access":"","_jetpack_dont_email_post_to_subs":false,"_jetpack_newsletter_tier_id":0,"_jetpack_memberships_contains_paywalled_content":false,"_jetpack_memberships_contains_paid_content":false,"footnotes":"","jetpack_publicize_message":"","jetpack_publicize_feature_enabled":true,"jetpack_social_post_already_shared":false,"jetpack_social_options":{"image_generator_settings":{"template":"highway","default_image_id":0,"font":"","enabled":false},"version":2},"jetpack_post_was_ever_published":false},"categories":[74],"tags":[],"class_list":["post-2927","post","type-post","status-publish","format-standard","has-post-thumbnail","hentry","category-porteria"],"jetpack_publicize_connections":[],"jetpack_featured_media_url":"https:\/\/i0.wp.com\/llibresalrepla.cat\/wp-content\/uploads\/2017\/09\/grup.jpg?fit=4800%2C3104&ssl=1","jetpack_sharing_enabled":true,"jetpack_shortlink":"https:\/\/wp.me\/p983NL-Ld","_links":{"self":[{"href":"https:\/\/llibresalrepla.cat\/index.php?rest_route=\/wp\/v2\/posts\/2927","targetHints":{"allow":["GET"]}}],"collection":[{"href":"https:\/\/llibresalrepla.cat\/index.php?rest_route=\/wp\/v2\/posts"}],"about":[{"href":"https:\/\/llibresalrepla.cat\/index.php?rest_route=\/wp\/v2\/types\/post"}],"author":[{"embeddable":true,"href":"https:\/\/llibresalrepla.cat\/index.php?rest_route=\/wp\/v2\/users\/9"}],"replies":[{"embeddable":true,"href":"https:\/\/llibresalrepla.cat\/index.php?rest_route=%2Fwp%2Fv2%2Fcomments&post=2927"}],"version-history":[{"count":1,"href":"https:\/\/llibresalrepla.cat\/index.php?rest_route=\/wp\/v2\/posts\/2927\/revisions"}],"predecessor-version":[{"id":2929,"href":"https:\/\/llibresalrepla.cat\/index.php?rest_route=\/wp\/v2\/posts\/2927\/revisions\/2929"}],"wp:featuredmedia":[{"embeddable":true,"href":"https:\/\/llibresalrepla.cat\/index.php?rest_route=\/wp\/v2\/media\/2928"}],"wp:attachment":[{"href":"https:\/\/llibresalrepla.cat\/index.php?rest_route=%2Fwp%2Fv2%2Fmedia&parent=2927"}],"wp:term":[{"taxonomy":"category","embeddable":true,"href":"https:\/\/llibresalrepla.cat\/index.php?rest_route=%2Fwp%2Fv2%2Fcategories&post=2927"},{"taxonomy":"post_tag","embeddable":true,"href":"https:\/\/llibresalrepla.cat\/index.php?rest_route=%2Fwp%2Fv2%2Ftags&post=2927"}],"curies":[{"name":"wp","href":"https:\/\/api.w.org\/{rel}","templated":true}]}}